{"id":13160,"date":"2021-05-13T10:59:17","date_gmt":"2021-05-13T15:59:17","guid":{"rendered":"https:\/\/nvnoticias.mx\/?p=13160"},"modified":"2021-05-13T10:59:18","modified_gmt":"2021-05-13T15:59:18","slug":"mujeres-mas-alla-de-la-correccion-politica","status":"publish","type":"post","link":"https:\/\/nvnoticias.mx\/index.php\/2021\/05\/13\/mujeres-mas-alla-de-la-correccion-politica\/","title":{"rendered":"Mujeres: m\u00e1s all\u00e1 de la correcci\u00f3n pol\u00edtica"},"content":{"rendered":"\n<p class=\"has-text-align-left\"><strong>Por M\u00f3nica Mendoza Madrigal<\/strong><\/p>\n\n\n\n<p>Era previsible que la t\u00f3nica que dominar\u00eda la discusi\u00f3n p\u00fablica en las campa\u00f1as pol\u00edticas girar\u00eda en torno de las mujeres. Pero como en muchos otros casos, la realidad ha superado la ficci\u00f3n y hoy podemos ver y escuchar a los candidatos m\u00e1s mis\u00f3ginos, a los que con sus acciones una y otra vez generan violencia hacia las mujeres, a quienes nos han agraviado incluso directamente, o a quienes claramente no tienen la menor idea de lo que dicen hablando de que son nuestros m\u00e1s \u201cconvencidos aliados\u201d y que con nuestro voto, transformar\u00e1n el negro panorama que se cierne sobre nosotras y que nos hacen vivir en la m\u00e1s obscura noche de inseguridad.<\/p>\n\n\n\n<p>Esta clase de alucinaciones \u201ccampa\u00f1eras\u201d desde luego no son exclusivas de la ret\u00f3rica masculina. Hay muchas candidatas que andan por las mismas en misoginias y en ignorancia, lo que nos recuerda aquel lema que enarbolaban las feministas de los a\u00f1os 70, cuando afirmaban que \u201ccuerpo de mujer no garantiza conciencia de g\u00e9nero\u201d.<\/p>\n\n\n\n<p>Pero volviendo al punto, en toda esa serie de promesas de campa\u00f1a hemos de reconocer que s\u00ed hay un punto com\u00fan: el brutal incremento de las violencias. De acuerdo con los datos del Secretariado Ejecutivo del Sistema Nacional de Seguridad P\u00fablica, marzo de 2021 fue el mes m\u00e1s violento en contra de las mujeres desde 2015, incrementando el n\u00famero de mujeres asesinadas a 12 diarias, delito que no es el \u00fanico que ha crecido en forma alarmante pues en realidad lo que ha podido constatarse es el claro incremento en el \u00edndice de violencias cometidas en todos sus distintos tipos y modalidades, lo que se ha exponenciado a partir de la pandemia, que convirti\u00f3 al hogar en el espacio m\u00e1s inseguro para nosotras, pues nos llev\u00f3 a confinarnos con nuestros principales agresores, develando la fragilidad de la realidad de vida a que las mujeres nos enfrentamos cotidianamente.<\/p>\n\n\n\n<p>El lugar m\u00e1s com\u00fan cuando se habla de violencia y se colocan en el centro de la discusi\u00f3n las cifras, es echar culpas a la incapacidad de los gobiernos en turno en sus distintos niveles. Lo cual es cierto, pero no es exclusivo. A la hora del reparto de responsabilidades hay que pasar a la silla de los acusados a las y los diputados federales, que son quienes validaron la m\u00e1s da\u00f1ina disminuci\u00f3n presupuestal tanto al Inmujeres como a los programas antes dedicados para darnos atenci\u00f3n, muchos de los cuales hoy ya no existen porque fueron desaparecidos o murieron de inanici\u00f3n.<\/p>\n\n\n\n<p>Pasemos tambi\u00e9n la factura a los congresos locales, que han sido omisos por conveniencia para entrar a la discusi\u00f3n de los temas que no les traen votos, como el eternamente pospuesto debate sobre los derechos sexuales y reproductivos que simplemente no le llega turno de ser abordado en las agendas parlamentarias.<\/p>\n\n\n\n<p>Finquemos responsabilidades de este demoledor escenario a los gobiernos estatales y locales, que siguen sin entender lo que es transversalizar la perspectiva de g\u00e9nero e insisten en mantener a las instancias municipales y a las unidades de g\u00e9nero con titulares sin perfil, con nula incidencia en la gesti\u00f3n al interior de las dependencias y lo que es peor, sin presupuestos para hacer su trabajo.<\/p>\n\n\n\n<p>Y desde luego, incluyamos al hacer el balance a la responsabilidad individual de padres y madres, de maestras y maestros, de jefes y jefas, de medios de comunicaci\u00f3n y de una ausente ciudadan\u00eda que produce y reproduce violencias, pasando la bolita a otros, sin entender que lo que las alarmantes cifras en realidad revelan es que hoy ninguna se salva. Todas estamos en riesgo.<\/p>\n\n\n\n<p>As\u00ed pues, cuando quienes ostentan candidaturas de uno y otro lado lanzan al aire propuestas a veces tan obvias y a veces tan absurdas, una se pregunta: \u00bfen serio creen que es tan f\u00e1cil? \u00bfCon qu\u00e9 dinero piensan hacer lo que hoy proponen a bote pronto?<\/p>\n\n\n\n<p>Esta semana de campa\u00f1a, que para los cargos federales es la sexta y para los locales la segunda, coincidi\u00f3 con el D\u00eda de las Madres. \u00c9se es un tema facilito. Hasta ellos y ellas dicen que \u201centienden los temas de g\u00e9nero porque tienen una madre\u201d, lo que revela lo poco que comprenden realmente de qu\u00e9 va todo esto. Pues ah\u00ed habr\u00eda que decirles que en M\u00e9xico hay 32 alumbramientos diarios en ni\u00f1as de 10 a 14 a\u00f1os de edad y que de las 64 millones de mujeres que el INEGI dice que hay en el pa\u00eds, 48 millones son madres con m\u00e1s de 15 a\u00f1os, mismas que viven la maternidad en circunstancias altamente diferenciadas, pues casi la mitad de ellas est\u00e1n casadas, la otra mitad est\u00e1n unidas, son viudas, solteras, separadas y divorciadas. De todas ellas, m\u00e1s de la mitad no tienen una actividad remunerada y un porcentaje muy reducido curs\u00f3 estudios universitarios o de postgrado.<\/p>\n\n\n\n<p>Los rostros m\u00e1s sensibles de la maternidad escapan por completo de la correcci\u00f3n pol\u00edtica de quienes tienen una candidatura y est\u00e1n en campa\u00f1a. Y pone de manifiesto la complejidad que implica atender integralmente a personas que tienen condiciones de vida muy particulares.<\/p>\n\n\n\n<p>Porque de lo que las y los candidatos no hablan es de que la maternidad debe ser elegida, voluntaria y libre. De que la crianza no es exclusiva de las mujeres. Que maternar no debe alejarnos nunca m\u00e1s de la realizaci\u00f3n profesional. Y que adem\u00e1s, hay otras maternidades, como la que viven quienes buscan a sus hijos e hijas desaparecixs, la de quienes son v\u00edctimas indirectas de feminicidio, la de quienes son transexuales, la de las mujeres que fueron obligadas a ser madres aun siendo ni\u00f1as. Y claro, la de las madres que son ajenas al universo de la mercadotecnia y que lo que les importa es sobrevivir a la pobreza y no romantizar sobre un modelo id\u00edlico ya caduco.<\/p>\n\n\n\n<p>\u00c9ste es solo un bot\u00f3n de muestra que pone de manifiesto que lo que necesitamos para resolver las profundas problem\u00e1ticas que tenemos las mujeres es mucho m\u00e1s que el llamado \u201cfeminismo washing\u201d, que es la apropiaci\u00f3n de nuestra bandera como si fuera una marca que algunas compa\u00f1\u00edas y varios partidos pol\u00edticos explotan hoy a nivel muy superficial. Tal y como en el pasado sucedi\u00f3 por ejemplo con la causa verde, de la que pocos logros sustantivos hubo.<\/p>\n\n\n\n<p>Entonces, no hagamos de la causa de las mujeres una moda ni solo un tema de correcci\u00f3n pol\u00edtica y vayamos al fondo de las problem\u00e1ticas que nos tienen ante la grave vulnerabilidad que las cifras de violencia exhiben.<\/p>\n\n\n\n<p class=\"has-text-align-right\">@MonicaMendozaM<\/p>\n","protected":false},"excerpt":{"rendered":"<p>Por M\u00f3nica Mendoza Madrigal Era previsible que la t\u00f3nica que dominar\u00eda la discusi\u00f3n p\u00fablica en las campa\u00f1as pol\u00edticas girar\u00eda en torno de las mujeres. Pero como en muchos otros casos, la realidad ha superado la ficci\u00f3n y hoy podemos ver y escuchar a los candidatos m\u00e1s mis\u00f3ginos, a los que con sus acciones una y [&hellip;]<\/p>\n","protected":false},"author":34,"featured_media":13161,"comment_status":"open","ping_status":"open","sticky":false,"template":"","format":"standard","meta":{"_monsterinsights_skip_tracking":false,"_monsterinsights_sitenote_active":false,"_monsterinsights_sitenote_note":"","_monsterinsights_sitenote_category":0,"footnotes":""},"categories":[1031],"tags":[1033],"class_list":["post-13160","post","type-post","status-publish","format-standard","has-post-thumbnail","hentry","category-laagendadelasmujeres","tag-monica-mendoza-madrigal","wp-image-borders"],"amp_enabled":true,"_links":{"self":[{"href":"https:\/\/nvnoticias.mx\/index.php\/wp-json\/wp\/v2\/posts\/13160","targetHints":{"allow":["GET"]}}],"collection":[{"href":"https:\/\/nvnoticias.mx\/index.php\/wp-json\/wp\/v2\/posts"}],"about":[{"href":"https:\/\/nvnoticias.mx\/index.php\/wp-json\/wp\/v2\/types\/post"}],"author":[{"embeddable":true,"href":"https:\/\/nvnoticias.mx\/index.php\/wp-json\/wp\/v2\/users\/34"}],"replies":[{"embeddable":true,"href":"https:\/\/nvnoticias.mx\/index.php\/wp-json\/wp\/v2\/comments?post=13160"}],"version-history":[{"count":1,"href":"https:\/\/nvnoticias.mx\/index.php\/wp-json\/wp\/v2\/posts\/13160\/revisions"}],"predecessor-version":[{"id":13162,"href":"https:\/\/nvnoticias.mx\/index.php\/wp-json\/wp\/v2\/posts\/13160\/revisions\/13162"}],"wp:featuredmedia":[{"embeddable":true,"href":"https:\/\/nvnoticias.mx\/index.php\/wp-json\/wp\/v2\/media\/13161"}],"wp:attachment":[{"href":"https:\/\/nvnoticias.mx\/index.php\/wp-json\/wp\/v2\/media?parent=13160"}],"wp:term":[{"taxonomy":"category","embeddable":true,"href":"https:\/\/nvnoticias.mx\/index.php\/wp-json\/wp\/v2\/categories?post=13160"},{"taxonomy":"post_tag","embeddable":true,"href":"https:\/\/nvnoticias.mx\/index.php\/wp-json\/wp\/v2\/tags?post=13160"}],"curies":[{"name":"wp","href":"https:\/\/api.w.org\/{rel}","templated":true}]}}