{"id":131597,"date":"2023-12-04T10:43:58","date_gmt":"2023-12-04T16:43:58","guid":{"rendered":"https:\/\/nvnoticias.mx\/?p=131597"},"modified":"2023-12-04T10:43:59","modified_gmt":"2023-12-04T16:43:59","slug":"aumento-al-salario-minimo-beneficiara-a-quienes-desempenan-funciones-basicas","status":"publish","type":"post","link":"https:\/\/nvnoticias.mx\/index.php\/2023\/12\/04\/aumento-al-salario-minimo-beneficiara-a-quienes-desempenan-funciones-basicas\/","title":{"rendered":"Aumento al salario m\u00ednimo beneficiar\u00e1 a quienes desempe\u00f1an funciones b\u00e1sicas"},"content":{"rendered":"\n<p><strong>Jes\u00fas Utrilla | NV Noticias <\/strong><\/p>\n\n\n\n<p>El incremento al salario m\u00ednimo para el a\u00f1o 2024 representa un paso significativo en las mejoras laborales de los trabajadores. Jos\u00e9 Manuel Urreta Ortega, presidente de la Asociaci\u00f3n Nacional de Consejos Empresariales Regionales (Ancer), aclar\u00f3 que en las empresas afiliadas a Ancer los empleados perciben salarios superiores al m\u00ednimo y destac\u00f3 que este ajuste beneficiar\u00e1 especialmente a aquellos trabajadores con ingresos m\u00e1s bajos.<\/p>\n\n\n\n<p>Urreta Ortega subray\u00f3 la importancia de este aumento para aquellos que desempe\u00f1an funciones b\u00e1sicas o tienen limitadas oportunidades de acceder a salarios m\u00e1s elevados debido a su nivel educativo. Hizo hincapi\u00e9 en la realidad de la frontera norte, donde una considerable cantidad de personas depende de ingresos equivalentes al salario m\u00ednimo.<\/p>\n\n\n\n<blockquote class=\"wp-block-quote is-layout-flow wp-block-quote-is-layout-flow\"><p>&#8220;El ajuste salarial, que entrar\u00e1 en vigor desde el primer pago de enero, busca no solo beneficiar a quienes dependen directamente del salario m\u00ednimo, sino tambi\u00e9n contribuir a una distribuci\u00f3n m\u00e1s equitativa de los ingresos en el pa\u00eds\u201d.<\/p><\/blockquote>\n\n\n\n<p>El presidente de Ancer expres\u00f3 la convicci\u00f3n de que para lograr cambios sustanciales en la distribuci\u00f3n de ingresos se deben implementar estrategias m\u00e1s ingeniosas y participativas. Adem\u00e1s, enfatiz\u00f3 la importancia de que el gobierno comprenda la necesidad de una administraci\u00f3n eficiente del dinero p\u00fablico para crear un c\u00edrculo virtuoso en la econom\u00eda.<\/p>\n\n\n\n<p>En cuanto a las cifras, actualmente, el salario m\u00ednimo diario es de 207.44 pesos. Con la aprobaci\u00f3n del 20 por ciento de aumento este incrementar\u00e1 a 248.93 pesos en el a\u00f1o 2024.<\/p>\n\n\n\n<blockquote class=\"wp-block-quote is-layout-flow wp-block-quote-is-layout-flow\"><p>\u201cEste ajuste es sobre todo relevante para aquellos que desempe\u00f1an funciones b\u00e1sicas o tienen limitadas oportunidades de acceder a salarios m\u00e1s elevados&#8221;.<\/p><\/blockquote>\n\n\n\n<p>Este ajuste, que aplicar\u00e1 desde el primer pago de enero del pr\u00f3ximo a\u00f1o, beneficia a trabajadores independientemente de la periodicidad de sus pagos (semanal, quincenal o mensual) por parte de sus empleadores.<\/p>\n","protected":false},"excerpt":{"rendered":"<p>Jes\u00fas Utrilla | NV Noticias El incremento al salario m\u00ednimo para el a\u00f1o 2024 representa un paso significativo en las mejoras laborales de los trabajadores. Jos\u00e9 Manuel Urreta Ortega, presidente de la Asociaci\u00f3n Nacional de Consejos Empresariales Regionales (Ancer), aclar\u00f3 que en las empresas afiliadas a Ancer los empleados perciben salarios superiores al m\u00ednimo y [&hellip;]<\/p>\n","protected":false},"author":35,"featured_media":131598,"comment_status":"open","ping_status":"open","sticky":false,"template":"","format":"standard","meta":{"_monsterinsights_skip_tracking":false,"_monsterinsights_sitenote_active":false,"_monsterinsights_sitenote_note":"","_monsterinsights_sitenote_category":0,"footnotes":""},"categories":[154],"tags":[3109,28538,23085,28537,11977,1161],"class_list":["post-131597","post","type-post","status-publish","format-standard","has-post-thumbnail","hentry","category-veracruz","tag-aumento","tag-basicas","tag-beneficiara","tag-desempenan","tag-funciones","tag-salario-minimo","wp-image-borders"],"amp_enabled":true,"_links":{"self":[{"href":"https:\/\/nvnoticias.mx\/index.php\/wp-json\/wp\/v2\/posts\/131597","targetHints":{"allow":["GET"]}}],"collection":[{"href":"https:\/\/nvnoticias.mx\/index.php\/wp-json\/wp\/v2\/posts"}],"about":[{"href":"https:\/\/nvnoticias.mx\/index.php\/wp-json\/wp\/v2\/types\/post"}],"author":[{"embeddable":true,"href":"https:\/\/nvnoticias.mx\/index.php\/wp-json\/wp\/v2\/users\/35"}],"replies":[{"embeddable":true,"href":"https:\/\/nvnoticias.mx\/index.php\/wp-json\/wp\/v2\/comments?post=131597"}],"version-history":[{"count":1,"href":"https:\/\/nvnoticias.mx\/index.php\/wp-json\/wp\/v2\/posts\/131597\/revisions"}],"predecessor-version":[{"id":131599,"href":"https:\/\/nvnoticias.mx\/index.php\/wp-json\/wp\/v2\/posts\/131597\/revisions\/131599"}],"wp:featuredmedia":[{"embeddable":true,"href":"https:\/\/nvnoticias.mx\/index.php\/wp-json\/wp\/v2\/media\/131598"}],"wp:attachment":[{"href":"https:\/\/nvnoticias.mx\/index.php\/wp-json\/wp\/v2\/media?parent=131597"}],"wp:term":[{"taxonomy":"category","embeddable":true,"href":"https:\/\/nvnoticias.mx\/index.php\/wp-json\/wp\/v2\/categories?post=131597"},{"taxonomy":"post_tag","embeddable":true,"href":"https:\/\/nvnoticias.mx\/index.php\/wp-json\/wp\/v2\/tags?post=131597"}],"curies":[{"name":"wp","href":"https:\/\/api.w.org\/{rel}","templated":true}]}}