{"id":131594,"date":"2023-12-04T10:41:09","date_gmt":"2023-12-04T16:41:09","guid":{"rendered":"https:\/\/nvnoticias.mx\/?p=131594"},"modified":"2023-12-04T10:41:10","modified_gmt":"2023-12-04T16:41:10","slug":"exhortan-a-votar-razonadamente-por-los-representantes-del-congreso-de-la-union","status":"publish","type":"post","link":"https:\/\/nvnoticias.mx\/index.php\/2023\/12\/04\/exhortan-a-votar-razonadamente-por-los-representantes-del-congreso-de-la-union\/","title":{"rendered":"Exhortan a votar razonadamente por los representantes del Congreso de la Uni\u00f3n"},"content":{"rendered":"\n<p><strong>Jes\u00fas Utrilla | NV Noticias<\/strong> <\/p>\n\n\n\n<p>Veracruz, Ver. Para continuar aumentando los montos de los programas sociales es necesario que los ciudadanos voten razonadamente por los representantes del Congreso de la Uni\u00f3n, se\u00f1al\u00f3 el aspirante al Senado por Morena, Manuel Huerta Ladron de Guevara.<\/p>\n\n\n\n<p>Insisti\u00f3 que si la gente da mayor\u00eda legislativa a Morena y sus aliados, podr\u00e1n autorizarse montos anuales de incremento.<\/p>\n\n\n\n<blockquote class=\"wp-block-quote is-layout-flow wp-block-quote-is-layout-flow\"><p>\u201cSe tiene que garantizar con fondos y por eso no puede estar a juicio del que gobierne si en la Constituci\u00f3n con el candado de que se autoricen los montos anuales y eso tiene que ver con el plan C\u201d.<\/p><\/blockquote>\n\n\n\n<p>Mencion\u00f3 que el PRI y PAN tradicionalmente votan en contra de los programas sociales, por lo que llam\u00f3 a analizar el voto.<\/p>\n\n\n\n<p>Por otro lado llam\u00f3 a que quienes fueron rechazados en las encuestas bajen su publicidad. En su caso la quitara el 18 de diciembre y la volver\u00e1 a colocar hasta marzo cuando inicie la campa\u00f1a.<\/p>\n\n\n\n<p>Tambi\u00e9n llam\u00f3 a quienes se registrar\u00e1n como aspirantes a diputados locales a moderarse en sus gastos de publicidad.<\/p>\n\n\n\n<blockquote class=\"wp-block-quote is-layout-flow wp-block-quote-is-layout-flow\"><p>\u201cQue la guarden o la den a alguien para tapar su casa porque no puede ser tanta contaminaci\u00f3n visual y auditiva. Que quienes se van a inscribir a las locales de Veracruz no se excedan en sus gastos de publicidad porque nuestro movimiento es de tocar casas\u201d.<\/p><\/blockquote>\n\n\n\n<p>Se\u00f1al\u00f3 que ya estuvo en Coatepec y la regi\u00f3n de Perote, ahora estar\u00e1 en Veracruz, el martes en Xalapa, el mi\u00e9rcoles probablemente est\u00e9 en la Ciudad de M\u00e9xico y jueves y viernes en la zona sur.<\/p>\n","protected":false},"excerpt":{"rendered":"<p>Jes\u00fas Utrilla | NV Noticias Veracruz, Ver. Para continuar aumentando los montos de los programas sociales es necesario que los ciudadanos voten razonadamente por los representantes del Congreso de la Uni\u00f3n, se\u00f1al\u00f3 el aspirante al Senado por Morena, Manuel Huerta Ladron de Guevara. Insisti\u00f3 que si la gente da mayor\u00eda legislativa a Morena y sus [&hellip;]<\/p>\n","protected":false},"author":35,"featured_media":131595,"comment_status":"open","ping_status":"open","sticky":false,"template":"","format":"standard","meta":{"_monsterinsights_skip_tracking":false,"_monsterinsights_sitenote_active":false,"_monsterinsights_sitenote_note":"","_monsterinsights_sitenote_category":0,"footnotes":""},"categories":[154],"tags":[4774,20236,28536,27067,4248],"class_list":["post-131594","post","type-post","status-publish","format-standard","has-post-thumbnail","hentry","category-veracruz","tag-congreso-de-la-union","tag-exhortan","tag-razonadamente","tag-representantes","tag-votar","wp-image-borders"],"amp_enabled":true,"_links":{"self":[{"href":"https:\/\/nvnoticias.mx\/index.php\/wp-json\/wp\/v2\/posts\/131594","targetHints":{"allow":["GET"]}}],"collection":[{"href":"https:\/\/nvnoticias.mx\/index.php\/wp-json\/wp\/v2\/posts"}],"about":[{"href":"https:\/\/nvnoticias.mx\/index.php\/wp-json\/wp\/v2\/types\/post"}],"author":[{"embeddable":true,"href":"https:\/\/nvnoticias.mx\/index.php\/wp-json\/wp\/v2\/users\/35"}],"replies":[{"embeddable":true,"href":"https:\/\/nvnoticias.mx\/index.php\/wp-json\/wp\/v2\/comments?post=131594"}],"version-history":[{"count":1,"href":"https:\/\/nvnoticias.mx\/index.php\/wp-json\/wp\/v2\/posts\/131594\/revisions"}],"predecessor-version":[{"id":131596,"href":"https:\/\/nvnoticias.mx\/index.php\/wp-json\/wp\/v2\/posts\/131594\/revisions\/131596"}],"wp:featuredmedia":[{"embeddable":true,"href":"https:\/\/nvnoticias.mx\/index.php\/wp-json\/wp\/v2\/media\/131595"}],"wp:attachment":[{"href":"https:\/\/nvnoticias.mx\/index.php\/wp-json\/wp\/v2\/media?parent=131594"}],"wp:term":[{"taxonomy":"category","embeddable":true,"href":"https:\/\/nvnoticias.mx\/index.php\/wp-json\/wp\/v2\/categories?post=131594"},{"taxonomy":"post_tag","embeddable":true,"href":"https:\/\/nvnoticias.mx\/index.php\/wp-json\/wp\/v2\/tags?post=131594"}],"curies":[{"name":"wp","href":"https:\/\/api.w.org\/{rel}","templated":true}]}}