{"id":131456,"date":"2023-12-02T10:23:40","date_gmt":"2023-12-02T16:23:40","guid":{"rendered":"https:\/\/nvnoticias.mx\/?p=131456"},"modified":"2023-12-02T10:23:41","modified_gmt":"2023-12-02T16:23:41","slug":"crimenes-de-odio-quedan-en-la-impunidad","status":"publish","type":"post","link":"https:\/\/nvnoticias.mx\/index.php\/2023\/12\/02\/crimenes-de-odio-quedan-en-la-impunidad\/","title":{"rendered":"Cr\u00edmenes de odio quedan en la impunidad"},"content":{"rendered":"\n<p><strong>Jes\u00fas Utrilla \/ NV Noticias<\/strong><\/p>\n\n\n\n<p>En lo que va del a\u00f1o, se han registrado 23 cr\u00edmenes de odio dirigidos hacia miembros de la diversidad sexual. <\/p>\n\n\n\n<p>Antonio Corzo, Director Estatal de la Diversidad Sexual de Pro Libertad y Derechos Humanos, destaca la falta de sentencias y la negativa a denunciar debido al temor a represalias o a la falta de atenci\u00f3n adecuada en la fiscal\u00eda.<\/p>\n\n\n\n<blockquote class=\"wp-block-quote is-layout-flow wp-block-quote-is-layout-flow\"><p>\u201c<em>Estamos trabajando para ser escuchadas y en las fiscal\u00edas poner esas demandas que son las que com\u00fanmente no se llevan a cabo, estamos tratando de hacer una empat\u00eda. No tenemos una cifra concreta, son muchas agresiones y se quedan estancadas porque no seguimos un proceso adecuado<\/em>\u201d.<\/p><\/blockquote>\n\n\n\n<p>El trabajo actual se centra en lograr ser escuchados y presentar demandas de manera efectiva, buscando crear un \u00e1rea especializada en Veracruz para investigar estas agresiones y asesinatos. <\/p>\n\n\n\n<p>Corzo subraya la necesidad de un protocolo m\u00e1s claro al presentar denuncias, evidenciando la persistente discriminaci\u00f3n contra la diversidad sexual.<\/p>\n\n\n\n<blockquote class=\"wp-block-quote is-layout-flow wp-block-quote-is-layout-flow\"><p>\u201c<em>Debemos de saber que si vamos a poner una demanda tenemos que presentar documentos, quienes somos, cu\u00e1l es la agresi\u00f3n, llevar un papeleo, desgraciadamente no se realiza un protocolo, vas a poner una demanda, pero no llevas un diagn\u00f3stico del hospital de cu\u00e1les son tus lesiones, todo va de la mano<\/em>\u201d.<\/p><\/blockquote>\n\n\n\n<p>Acus\u00f3 que persiste la discriminaci\u00f3n en contra de los integrantes de la diversidad sexual.<\/p>\n","protected":false},"excerpt":{"rendered":"<p>Jes\u00fas Utrilla \/ NV Noticias En lo que va del a\u00f1o, se han registrado 23 cr\u00edmenes de odio dirigidos hacia miembros de la diversidad sexual. Antonio Corzo, Director Estatal de la Diversidad Sexual de Pro Libertad y Derechos Humanos, destaca la falta de sentencias y la negativa a denunciar debido al temor a represalias o [&hellip;]<\/p>\n","protected":false},"author":8,"featured_media":92211,"comment_status":"open","ping_status":"open","sticky":false,"template":"","format":"standard","meta":{"_monsterinsights_skip_tracking":false,"_monsterinsights_sitenote_active":false,"_monsterinsights_sitenote_note":"","_monsterinsights_sitenote_category":0,"footnotes":""},"categories":[154],"tags":[3255,180],"class_list":["post-131456","post","type-post","status-publish","format-standard","has-post-thumbnail","hentry","category-veracruz","tag-crimenes-de-odio","tag-veracruz","wp-image-borders"],"amp_enabled":true,"_links":{"self":[{"href":"https:\/\/nvnoticias.mx\/index.php\/wp-json\/wp\/v2\/posts\/131456","targetHints":{"allow":["GET"]}}],"collection":[{"href":"https:\/\/nvnoticias.mx\/index.php\/wp-json\/wp\/v2\/posts"}],"about":[{"href":"https:\/\/nvnoticias.mx\/index.php\/wp-json\/wp\/v2\/types\/post"}],"author":[{"embeddable":true,"href":"https:\/\/nvnoticias.mx\/index.php\/wp-json\/wp\/v2\/users\/8"}],"replies":[{"embeddable":true,"href":"https:\/\/nvnoticias.mx\/index.php\/wp-json\/wp\/v2\/comments?post=131456"}],"version-history":[{"count":1,"href":"https:\/\/nvnoticias.mx\/index.php\/wp-json\/wp\/v2\/posts\/131456\/revisions"}],"predecessor-version":[{"id":131457,"href":"https:\/\/nvnoticias.mx\/index.php\/wp-json\/wp\/v2\/posts\/131456\/revisions\/131457"}],"wp:featuredmedia":[{"embeddable":true,"href":"https:\/\/nvnoticias.mx\/index.php\/wp-json\/wp\/v2\/media\/92211"}],"wp:attachment":[{"href":"https:\/\/nvnoticias.mx\/index.php\/wp-json\/wp\/v2\/media?parent=131456"}],"wp:term":[{"taxonomy":"category","embeddable":true,"href":"https:\/\/nvnoticias.mx\/index.php\/wp-json\/wp\/v2\/categories?post=131456"},{"taxonomy":"post_tag","embeddable":true,"href":"https:\/\/nvnoticias.mx\/index.php\/wp-json\/wp\/v2\/tags?post=131456"}],"curies":[{"name":"wp","href":"https:\/\/api.w.org\/{rel}","templated":true}]}}