{"id":131340,"date":"2023-12-01T11:46:07","date_gmt":"2023-12-01T17:46:07","guid":{"rendered":"https:\/\/nvnoticias.mx\/?p=131340"},"modified":"2023-12-01T11:46:09","modified_gmt":"2023-12-01T17:46:09","slug":"tras-fin-de-la-tregua-entre-israel-y-hamas-se-reanudan-los-combates","status":"publish","type":"post","link":"https:\/\/nvnoticias.mx\/index.php\/2023\/12\/01\/tras-fin-de-la-tregua-entre-israel-y-hamas-se-reanudan-los-combates\/","title":{"rendered":"Tras fin de la tregua entre Israel y Hamas se reanudan los combates"},"content":{"rendered":"\n<p><strong>Tras siete d\u00edas de alto el fuego, el cielo de Gaza volvi\u00f3 a resonar con el sonido de misiles y explosiones.<\/strong><\/p>\n\n\n\n<p>Minutos despu\u00e9s de haber terminado el plazo para poder extender la tregua, Israel confirm\u00f3 que hab\u00eda reanudado los ataques contra Ham\u00e1s en la Franja de Gaza.<\/p>\n\n\n\n<p>En un post publicado en X (conocida antes como Twitter), las Fuerzas de Defensa de Israel (FDI) dijeron que Ham\u00e1s hab\u00eda abierto fuego contra Israel , violando as\u00ed los t\u00e9rmino acordados para la tregua que permiti\u00f3 la liberaci\u00f3n de 110 rehenes capturados por Ham\u00e1s y 240 prisioneros palestinos retenidos por Israel.<\/p>\n\n\n\n<p>El Ministerio de Salud de Gaza, dirigido por Ham\u00e1s,<strong>&nbsp;inform\u00f3 que m\u00e1s de 30 personas han muerto en las primeras tres horas<\/strong>&nbsp;desde que se reanudaron los ataques.<\/p>\n\n\n\n<blockquote class=\"wp-block-quote is-layout-flow wp-block-quote-is-layout-flow\"><p>\u201cEsta ma\u00f1ana qued\u00f3 absolutamente claro que la guerra se ha reanudado\u201d, coment\u00f3 el experto en Medio Oriente y enviado especial de la BBC, Jeremy Bowen.<\/p><\/blockquote>\n\n\n\n<p>El primer ministro israel\u00ed, Benjam\u00edn Netanyahu, acus\u00f3 a Ham\u00e1s de no haber cumplido con su palabra de liberar a todas las mujeres rehenes como se hab\u00eda acordado.<\/p>\n\n\n\n<p>Fuente: El Universal <\/p>\n","protected":false},"excerpt":{"rendered":"<p>Tras siete d\u00edas de alto el fuego, el cielo de Gaza volvi\u00f3 a resonar con el sonido de misiles y explosiones. Minutos despu\u00e9s de haber terminado el plazo para poder extender la tregua, Israel confirm\u00f3 que hab\u00eda reanudado los ataques contra Ham\u00e1s en la Franja de Gaza. En un post publicado en X (conocida antes [&hellip;]<\/p>\n","protected":false},"author":35,"featured_media":124167,"comment_status":"open","ping_status":"open","sticky":false,"template":"","format":"standard","meta":{"_monsterinsights_skip_tracking":false,"_monsterinsights_sitenote_active":false,"_monsterinsights_sitenote_note":"","_monsterinsights_sitenote_category":0,"footnotes":""},"categories":[181],"tags":[3641,28256,3337,11881,10925],"class_list":["post-131340","post","type-post","status-publish","format-standard","has-post-thumbnail","hentry","category-internacional","tag-combates","tag-hanas","tag-israel","tag-reanudan","tag-tregua","wp-image-borders"],"amp_enabled":true,"_links":{"self":[{"href":"https:\/\/nvnoticias.mx\/index.php\/wp-json\/wp\/v2\/posts\/131340","targetHints":{"allow":["GET"]}}],"collection":[{"href":"https:\/\/nvnoticias.mx\/index.php\/wp-json\/wp\/v2\/posts"}],"about":[{"href":"https:\/\/nvnoticias.mx\/index.php\/wp-json\/wp\/v2\/types\/post"}],"author":[{"embeddable":true,"href":"https:\/\/nvnoticias.mx\/index.php\/wp-json\/wp\/v2\/users\/35"}],"replies":[{"embeddable":true,"href":"https:\/\/nvnoticias.mx\/index.php\/wp-json\/wp\/v2\/comments?post=131340"}],"version-history":[{"count":2,"href":"https:\/\/nvnoticias.mx\/index.php\/wp-json\/wp\/v2\/posts\/131340\/revisions"}],"predecessor-version":[{"id":131342,"href":"https:\/\/nvnoticias.mx\/index.php\/wp-json\/wp\/v2\/posts\/131340\/revisions\/131342"}],"wp:featuredmedia":[{"embeddable":true,"href":"https:\/\/nvnoticias.mx\/index.php\/wp-json\/wp\/v2\/media\/124167"}],"wp:attachment":[{"href":"https:\/\/nvnoticias.mx\/index.php\/wp-json\/wp\/v2\/media?parent=131340"}],"wp:term":[{"taxonomy":"category","embeddable":true,"href":"https:\/\/nvnoticias.mx\/index.php\/wp-json\/wp\/v2\/categories?post=131340"},{"taxonomy":"post_tag","embeddable":true,"href":"https:\/\/nvnoticias.mx\/index.php\/wp-json\/wp\/v2\/tags?post=131340"}],"curies":[{"name":"wp","href":"https:\/\/api.w.org\/{rel}","templated":true}]}}