{"id":131336,"date":"2023-12-01T10:06:41","date_gmt":"2023-12-01T16:06:41","guid":{"rendered":"https:\/\/nvnoticias.mx\/?p=131336"},"modified":"2023-12-01T10:06:43","modified_gmt":"2023-12-01T16:06:43","slug":"anuncia-rafael-nadal-su-regreso-a-las-pistas-despues-de-un-ano-de-inactividad","status":"publish","type":"post","link":"https:\/\/nvnoticias.mx\/index.php\/2023\/12\/01\/anuncia-rafael-nadal-su-regreso-a-las-pistas-despues-de-un-ano-de-inactividad\/","title":{"rendered":"Anuncia Rafael Nadal su regreso a las pistas despu\u00e9s de un a\u00f1o de inactividad"},"content":{"rendered":"\n<p>El tenista espa\u00f1ol\u00a0Rafa Nadal anunci\u00f3 este viernes que volver\u00e1 a la competici\u00f3n\u00a0en el torneo de Brisbane, en la primera semana de enero de 2024, antes del Abierto de Australia,\u00a0<strong>despu\u00e9s de un a\u00f1o fuera de la competici\u00f3n por lesi\u00f3n.<\/strong><\/p>\n\n\n\n<blockquote class=\"wp-block-quote is-layout-flow wp-block-quote-is-layout-flow\"><p>&#8220;Hola a todos,&nbsp;<strong>despu\u00e9s de un a\u00f1o fuera de la competici\u00f3n ha llegado el momento de volver.<\/strong>&nbsp;Ser\u00e1 en Brisbane y ser\u00e1 en la primera semana de enero. Nos vemos all\u00ed&#8221;, dijo Nadal en un mensaje publicado en redes sociales para anunciar su vuelta a las pistas.<\/p><\/blockquote>\n\n\n\n<p><strong>El torneo de Brisbane se jugar\u00e1 del 31 de diciembre pr\u00f3ximo al 7 de enero del a\u00f1o<\/strong>&nbsp;que viene, previo al Abierto de Australia, que se disputar\u00e1 del 14 al 28 de enero, y que fue la \u00faltima cita en la que compiti\u00f3 el mallorqu\u00edn.<\/p>\n\n\n\n<p><strong>Nadal, ganador de 22 Grand Slams, disput\u00f3 su \u00faltimo partido el pasado 18 de enero<\/strong>, cuando cay\u00f3 en segunda ronda ante el estadounidense Mackenzie McDonald, y desde entonces ha seguido un proceso de recuperaci\u00f3n de una lesi\u00f3n de grado 2 en el psoas il\u00edaco de la pierna izquierda, por la que pas\u00f3 por el quir\u00f3fano.<\/p>\n\n\n\n<p>El tenista fue intervenido el 2 de junio por v\u00eda artrosc\u00f3pica de la lesi\u00f3n del tend\u00f3n del psoas izquierdo en la Cl\u00ednica Teknon de Barcelona realizada por los doctores, Marc Philippon, Jaume Vilar\u00f3 y Angel Ruiz-Cotorro, y tambi\u00e9n&nbsp;<strong>se le regulariz\u00f3 una lesi\u00f3n antigua del labrum de la cadera izquierda<\/strong>. El tiempo estimado entonces para su recuperaci\u00f3n fue de cinco meses.<\/p>\n\n\n\n<p>El Abierto de Australia anunci\u00f3 el pasado 11 de octubre que\u00a0<strong>Nadal iba a formar parte del cuadro del primer Grand Slam de la temporada,\u00a0<\/strong>en Melburne, cita que gan\u00f3 en 2009 y 2022, d\u00edas despu\u00e9s de el tenista difundiera un v\u00eddeo en el que se le ve\u00eda entrenando en una pista de su academia en Manacor (Mallorca).<\/p>\n\n\n\n<p>Fuente: <a href=\"https:\/\/www.milenio.com\/deportes\/tenis\/rafael-nadal-anuncia-su-regreso-a-las-pistas-conoce-los-detalles\" data-type=\"URL\" data-id=\"https:\/\/www.milenio.com\/deportes\/tenis\/rafael-nadal-anuncia-su-regreso-a-las-pistas-conoce-los-detalles\">Milenio<\/a> <\/p>\n","protected":false},"excerpt":{"rendered":"<p>El tenista espa\u00f1ol\u00a0Rafa Nadal anunci\u00f3 este viernes que volver\u00e1 a la competici\u00f3n\u00a0en el torneo de Brisbane, en la primera semana de enero de 2024, antes del Abierto de Australia,\u00a0despu\u00e9s de un a\u00f1o fuera de la competici\u00f3n por lesi\u00f3n. &#8220;Hola a todos,&nbsp;despu\u00e9s de un a\u00f1o fuera de la competici\u00f3n ha llegado el momento de volver.&nbsp;Ser\u00e1 en [&hellip;]<\/p>\n","protected":false},"author":35,"featured_media":70316,"comment_status":"open","ping_status":"open","sticky":false,"template":"","format":"standard","meta":{"_monsterinsights_skip_tracking":false,"_monsterinsights_sitenote_active":false,"_monsterinsights_sitenote_note":"","_monsterinsights_sitenote_category":0,"footnotes":""},"categories":[159],"tags":[7791,15932,3609,7002,28514],"class_list":["post-131336","post","type-post","status-publish","format-standard","has-post-thumbnail","hentry","category-deportes","tag-anuncia","tag-pistas","tag-rafael-nadal","tag-regreso","tag-tennis","wp-image-borders"],"amp_enabled":true,"_links":{"self":[{"href":"https:\/\/nvnoticias.mx\/index.php\/wp-json\/wp\/v2\/posts\/131336","targetHints":{"allow":["GET"]}}],"collection":[{"href":"https:\/\/nvnoticias.mx\/index.php\/wp-json\/wp\/v2\/posts"}],"about":[{"href":"https:\/\/nvnoticias.mx\/index.php\/wp-json\/wp\/v2\/types\/post"}],"author":[{"embeddable":true,"href":"https:\/\/nvnoticias.mx\/index.php\/wp-json\/wp\/v2\/users\/35"}],"replies":[{"embeddable":true,"href":"https:\/\/nvnoticias.mx\/index.php\/wp-json\/wp\/v2\/comments?post=131336"}],"version-history":[{"count":3,"href":"https:\/\/nvnoticias.mx\/index.php\/wp-json\/wp\/v2\/posts\/131336\/revisions"}],"predecessor-version":[{"id":131339,"href":"https:\/\/nvnoticias.mx\/index.php\/wp-json\/wp\/v2\/posts\/131336\/revisions\/131339"}],"wp:featuredmedia":[{"embeddable":true,"href":"https:\/\/nvnoticias.mx\/index.php\/wp-json\/wp\/v2\/media\/70316"}],"wp:attachment":[{"href":"https:\/\/nvnoticias.mx\/index.php\/wp-json\/wp\/v2\/media?parent=131336"}],"wp:term":[{"taxonomy":"category","embeddable":true,"href":"https:\/\/nvnoticias.mx\/index.php\/wp-json\/wp\/v2\/categories?post=131336"},{"taxonomy":"post_tag","embeddable":true,"href":"https:\/\/nvnoticias.mx\/index.php\/wp-json\/wp\/v2\/tags?post=131336"}],"curies":[{"name":"wp","href":"https:\/\/api.w.org\/{rel}","templated":true}]}}