{"id":131203,"date":"2023-11-30T10:03:15","date_gmt":"2023-11-30T16:03:15","guid":{"rendered":"https:\/\/nvnoticias.mx\/?p=131203"},"modified":"2023-11-30T10:03:47","modified_gmt":"2023-11-30T16:03:47","slug":"lanza-consulado-de-eu-en-nuevo-laredo-alerta-de-seguridad-tras-operativos-por-detencion-de-el-tartas","status":"publish","type":"post","link":"https:\/\/nvnoticias.mx\/index.php\/2023\/11\/30\/lanza-consulado-de-eu-en-nuevo-laredo-alerta-de-seguridad-tras-operativos-por-detencion-de-el-tartas\/","title":{"rendered":"Lanza consulado de EU en Nuevo Laredo alerta de seguridad tras operativos por detenci\u00f3n de &#8220;El Tartas&#8221;"},"content":{"rendered":"\n<p>&#8211; El Consulado de&nbsp;<strong>Estados Unidos<\/strong>&nbsp;en&nbsp;<strong>Nuevo Laredo<\/strong>, Tamaulipas, lanz\u00f3 una alerta de seguridad para sus&nbsp;<strong>ciudadanos&nbsp;<\/strong>tras la situaci\u00f3n de riesgo que se vive en la entidad tras los&nbsp;<strong>operativos&nbsp;<\/strong>realizados por fuerzas federales.<\/p>\n\n\n\n<blockquote class=\"wp-block-quote is-layout-flow wp-block-quote-is-layout-flow\"><p>\u201c<strong>El Consulado de Estados Unidos<\/strong>\u00a0en Nuevo Laredo est\u00e1 recibiendo informes de una mayor actividad del gobierno de M\u00e9xico en Nuevo Laredo&#8221;, apunt\u00f3 mediante un mensaje en la cuenta de X (Twitter).<\/p><\/blockquote>\n\n\n\n<p>Esto, tras la detenci\u00f3n de\u00a0<strong>Cesar Alejandro<\/strong>\u00a0\u201cN\u201d, alias<strong>\u00a0&#8220;El Tartas&#8221;,<\/strong>\u00a0presunto jefe de plaza del\u00a0<strong>C\u00e1rtel del Noreste<\/strong>\u00a0en Nuevo Laredo.<\/p>\n\n\n\n<blockquote class=\"wp-block-quote is-layout-flow wp-block-quote-is-layout-flow\"><p>&#8220;El tartas&#8221; fue detenido por elementos del\u00a0<strong>Ej\u00e9rcito mexicano<\/strong>\u00a0y\u00a0<strong>Guardia Nacional<\/strong>\u00a0y a quien se le atribuyen delitos por tr\u00e1fico de drogas a Estados Unidos, extorsi\u00f3n, robo de hidrocarburo, secuestro, lavado de dinero y\u00a0<strong>narcomenudeo<\/strong>.<\/p><\/blockquote>\n\n\n\n<p>Por precauci\u00f3n, se pide&nbsp;<strong>refugiarse<\/strong>&nbsp;hasta nuevo aviso.<\/p>\n\n\n\n<p>El Consulado inform\u00f3 que sigue&nbsp;<strong>monitoreando&nbsp;<\/strong>la situaci\u00f3n de seguridad en la ciudad de Nuevo Laredo.<\/p>\n\n\n\n<blockquote class=\"wp-block-quote is-layout-flow wp-block-quote-is-layout-flow\"><p>&#8220;Los servicios de visas y pasaportes se\u00a0<strong>reanudar\u00e1n\u00a0<\/strong>el jueves 30 de noviembre. Nos comunicaremos con los solicitantes para\u00a0<strong>reprogramar\u00a0<\/strong>cualquier cita previamente cancelada&#8221;.<\/p><\/blockquote>\n\n\n\n<p>Fuente: <a href=\"https:\/\/www.eluniversal.com.mx\/estados\/consulado-de-eu-en-nuevo-laredo-lanza-alerta-de-seguridad-tras-operativos-por-detencion-de-el-tartas\/\" data-type=\"URL\" data-id=\"https:\/\/www.eluniversal.com.mx\/estados\/consulado-de-eu-en-nuevo-laredo-lanza-alerta-de-seguridad-tras-operativos-por-detencion-de-el-tartas\/\">El Universal<\/a> <\/p>\n","protected":false},"excerpt":{"rendered":"<p>&#8211; El Consulado de&nbsp;Estados Unidos&nbsp;en&nbsp;Nuevo Laredo, Tamaulipas, lanz\u00f3 una alerta de seguridad para sus&nbsp;ciudadanos&nbsp;tras la situaci\u00f3n de riesgo que se vive en la entidad tras los&nbsp;operativos&nbsp;realizados por fuerzas federales. \u201cEl Consulado de Estados Unidos\u00a0en Nuevo Laredo est\u00e1 recibiendo informes de una mayor actividad del gobierno de M\u00e9xico en Nuevo Laredo&#8221;, apunt\u00f3 mediante un mensaje en [&hellip;]<\/p>\n","protected":false},"author":35,"featured_media":131207,"comment_status":"open","ping_status":"open","sticky":false,"template":"","format":"standard","meta":{"_monsterinsights_skip_tracking":false,"_monsterinsights_sitenote_active":false,"_monsterinsights_sitenote_note":"","_monsterinsights_sitenote_category":0,"footnotes":""},"categories":[181],"tags":[437,11814,183,9405,162,805],"class_list":["post-131203","post","type-post","status-publish","format-standard","has-post-thumbnail","hentry","category-internacional","tag-alerta","tag-consulado","tag-estados-unidos","tag-lanza","tag-portada","tag-seguridad","wp-image-borders"],"amp_enabled":true,"_links":{"self":[{"href":"https:\/\/nvnoticias.mx\/index.php\/wp-json\/wp\/v2\/posts\/131203","targetHints":{"allow":["GET"]}}],"collection":[{"href":"https:\/\/nvnoticias.mx\/index.php\/wp-json\/wp\/v2\/posts"}],"about":[{"href":"https:\/\/nvnoticias.mx\/index.php\/wp-json\/wp\/v2\/types\/post"}],"author":[{"embeddable":true,"href":"https:\/\/nvnoticias.mx\/index.php\/wp-json\/wp\/v2\/users\/35"}],"replies":[{"embeddable":true,"href":"https:\/\/nvnoticias.mx\/index.php\/wp-json\/wp\/v2\/comments?post=131203"}],"version-history":[{"count":4,"href":"https:\/\/nvnoticias.mx\/index.php\/wp-json\/wp\/v2\/posts\/131203\/revisions"}],"predecessor-version":[{"id":131208,"href":"https:\/\/nvnoticias.mx\/index.php\/wp-json\/wp\/v2\/posts\/131203\/revisions\/131208"}],"wp:featuredmedia":[{"embeddable":true,"href":"https:\/\/nvnoticias.mx\/index.php\/wp-json\/wp\/v2\/media\/131207"}],"wp:attachment":[{"href":"https:\/\/nvnoticias.mx\/index.php\/wp-json\/wp\/v2\/media?parent=131203"}],"wp:term":[{"taxonomy":"category","embeddable":true,"href":"https:\/\/nvnoticias.mx\/index.php\/wp-json\/wp\/v2\/categories?post=131203"},{"taxonomy":"post_tag","embeddable":true,"href":"https:\/\/nvnoticias.mx\/index.php\/wp-json\/wp\/v2\/tags?post=131203"}],"curies":[{"name":"wp","href":"https:\/\/api.w.org\/{rel}","templated":true}]}}