{"id":13072,"date":"2021-05-12T12:43:28","date_gmt":"2021-05-12T17:43:28","guid":{"rendered":"https:\/\/nvnoticias.mx\/?p=13072"},"modified":"2021-05-12T12:43:30","modified_gmt":"2021-05-12T17:43:30","slug":"imss-veracruz-norte-apoya-en-aplicacion-de-la-vacuna-antisars-cov-2-a-poblacion-de-50-a-59-anos","status":"publish","type":"post","link":"https:\/\/nvnoticias.mx\/index.php\/2021\/05\/12\/imss-veracruz-norte-apoya-en-aplicacion-de-la-vacuna-antisars-cov-2-a-poblacion-de-50-a-59-anos\/","title":{"rendered":"IMSS Veracruz Norte apoya en aplicaci\u00f3n de la vacuna Antisars-cov-2 a poblaci\u00f3n de 50 a 59 a\u00f1os"},"content":{"rendered":"\n<p>Personal de Salud del Instituto Mexicano del Seguro Social (IMSS) en Veracruz Norte contin\u00faa participando en la aplicaci\u00f3n de la vacuna ANTICOVID-19 a poblaci\u00f3n de 50 a 59 a\u00f1os de edad.<\/p>\n\n\n\n<p>Durante la aplicaci\u00f3n de la primera dosis de Pfizer, se respetaron los protocolos de higiene y seguridad como son el uso de cubrebocas, toma de temperatura y el uso de gel en alcohol.<\/p>\n\n\n\n<p>La vacunaci\u00f3n se lleva a cabo del 11 al 15 de mayo del presente a\u00f1o 2021 en horario de 8 de la ma\u00f1ana a 6 de la tarde, en las instalaciones del auditorio de los Halcones de Xalapa, ubicado en la calle Cultura Veracruzana, zona Universitaria, Xalapa, Veracruz.<\/p>\n\n\n\n<p>El IMSS en Veracruz Norte garantiza que la aplicaci\u00f3n se realiza en apego a la Pol\u00edtica Nacional de Vacunaci\u00f3n contra el Virus SARS-CoV-2 para la Prevenci\u00f3n de COVID-19 en M\u00e9xico.<\/p>\n\n\n\n<figure class=\"wp-block-image size-large\"><img loading=\"lazy\" decoding=\"async\" width=\"1024\" height=\"528\" src=\"https:\/\/nvnoticias.mx\/wp-content\/uploads\/2021\/05\/DSC_0907-1024x528.jpg\" alt=\"\" class=\"wp-image-13075\" srcset=\"https:\/\/nvnoticias.mx\/wp-content\/uploads\/2021\/05\/DSC_0907-1024x528.jpg 1024w, https:\/\/nvnoticias.mx\/wp-content\/uploads\/2021\/05\/DSC_0907-300x155.jpg 300w, https:\/\/nvnoticias.mx\/wp-content\/uploads\/2021\/05\/DSC_0907-768x396.jpg 768w, https:\/\/nvnoticias.mx\/wp-content\/uploads\/2021\/05\/DSC_0907.jpg 1397w\" sizes=\"auto, (max-width: 1024px) 100vw, 1024px\" \/><\/figure>\n","protected":false},"excerpt":{"rendered":"<p>Personal de Salud del Instituto Mexicano del Seguro Social (IMSS) en Veracruz Norte contin\u00faa participando en la aplicaci\u00f3n de la vacuna ANTICOVID-19 a poblaci\u00f3n de 50 a 59 a\u00f1os de edad. Durante la aplicaci\u00f3n de la primera dosis de Pfizer, se respetaron los protocolos de higiene y seguridad como son el uso de cubrebocas, toma [&hellip;]<\/p>\n","protected":false},"author":6,"featured_media":13074,"comment_status":"open","ping_status":"open","sticky":false,"template":"","format":"standard","meta":{"_monsterinsights_skip_tracking":false,"_monsterinsights_sitenote_active":false,"_monsterinsights_sitenote_note":"","_monsterinsights_sitenote_category":0,"footnotes":""},"categories":[154],"tags":[410,1687,3462,2393],"class_list":["post-13072","post","type-post","status-publish","format-standard","has-post-thumbnail","hentry","category-veracruz","tag-apoyo","tag-imss-veracruz-norte","tag-personas-50-anos","tag-vacuna-covid-19","wp-image-borders"],"amp_enabled":true,"_links":{"self":[{"href":"https:\/\/nvnoticias.mx\/index.php\/wp-json\/wp\/v2\/posts\/13072","targetHints":{"allow":["GET"]}}],"collection":[{"href":"https:\/\/nvnoticias.mx\/index.php\/wp-json\/wp\/v2\/posts"}],"about":[{"href":"https:\/\/nvnoticias.mx\/index.php\/wp-json\/wp\/v2\/types\/post"}],"author":[{"embeddable":true,"href":"https:\/\/nvnoticias.mx\/index.php\/wp-json\/wp\/v2\/users\/6"}],"replies":[{"embeddable":true,"href":"https:\/\/nvnoticias.mx\/index.php\/wp-json\/wp\/v2\/comments?post=13072"}],"version-history":[{"count":1,"href":"https:\/\/nvnoticias.mx\/index.php\/wp-json\/wp\/v2\/posts\/13072\/revisions"}],"predecessor-version":[{"id":13076,"href":"https:\/\/nvnoticias.mx\/index.php\/wp-json\/wp\/v2\/posts\/13072\/revisions\/13076"}],"wp:featuredmedia":[{"embeddable":true,"href":"https:\/\/nvnoticias.mx\/index.php\/wp-json\/wp\/v2\/media\/13074"}],"wp:attachment":[{"href":"https:\/\/nvnoticias.mx\/index.php\/wp-json\/wp\/v2\/media?parent=13072"}],"wp:term":[{"taxonomy":"category","embeddable":true,"href":"https:\/\/nvnoticias.mx\/index.php\/wp-json\/wp\/v2\/categories?post=13072"},{"taxonomy":"post_tag","embeddable":true,"href":"https:\/\/nvnoticias.mx\/index.php\/wp-json\/wp\/v2\/tags?post=13072"}],"curies":[{"name":"wp","href":"https:\/\/api.w.org\/{rel}","templated":true}]}}