{"id":130669,"date":"2023-11-26T12:56:54","date_gmt":"2023-11-26T18:56:54","guid":{"rendered":"https:\/\/nvnoticias.mx\/?p=130669"},"modified":"2023-11-26T12:56:55","modified_gmt":"2023-11-26T18:56:55","slug":"toma-sheinbaum-el-baston-de-mando-en-la-negociacion-sobre-el-futuro-politico-de-las-otras-corcholatas","status":"publish","type":"post","link":"https:\/\/nvnoticias.mx\/index.php\/2023\/11\/26\/toma-sheinbaum-el-baston-de-mando-en-la-negociacion-sobre-el-futuro-politico-de-las-otras-corcholatas\/","title":{"rendered":"Toma Sheinbaum el bast\u00f3n de mando en la negociaci\u00f3n sobre el futuro pol\u00edtico de las otras \u2018corcholatas\u2019"},"content":{"rendered":"\n<p>La coordinaci\u00f3n en el Senado, el liderazgo de la bancada en la C\u00e1mara de Diputados y posiciones privilegiadas en el Gabinete presidencial. Esos fueron los llamados \u201cpremios de consolaci\u00f3n\u201d que pactaron los contendientes con la dirigencia nacional del partido antes de que comenzara la carrera presidencial de Morena para mantener la unidad y evitar fracturas en el bloque gobernante. Sin embargo, tras el triunfo de\u00a0Claudia Sheinbaum\u00a0en la encuesta interna, a\u00fan es incierto el futuro pol\u00edtico de las otras\u00a0<em>corcholatas<\/em>, quienes, al menos en p\u00fablico, no han confirmado si est\u00e1n interesados, si ya aceptaron alg\u00fan puesto o si buscar\u00e1n un acomodo diferente al trazado desde Palacio Nacional.\u00a0Con el bast\u00f3n de mando en manos de Sheinbaum\u00a0como sucesora de\u00a0Andr\u00e9s Manuel L\u00f3pez Obrador\u00a0en el movimiento, pero tambi\u00e9n como la coordinadora de los comit\u00e9s de defensa de la Cuarta Transformaci\u00f3n, la abanderada oficialista tiene un ojo en la campa\u00f1a para 2024 y el otro en llevar a buen puerto las negociaciones internas.\u00a0Ella ser\u00e1 la encargada de negociar las posiciones, en caso de que aspiren a alguna, de sus excontrincantes.<\/p>\n\n\n\n<p>A principios de junio pasado, una semana antes de que arrancara el proceso interno del partido gobernante,\u00a0L\u00f3pez Obrador tom\u00f3 las riendas de la carrera por la sucesi\u00f3n\u00a0y convoc\u00f3 a las\u00a0<em>corcholatas<\/em>\u00a0de Morena a una cena en El Mayor, a unas calles del Palacio Nacional. En presencia de gobernadores y varios liderazgos de Morena, el presidente pidi\u00f3 a los principales cuadros de su formaci\u00f3n cerrar filas con Delfina G\u00f3mez, que acababa de ganar la elecci\u00f3n en el Estado de M\u00e9xico, y anteponer la unidad partidista a los participantes en la contienda por la candidatura presidencial, confirmaron a EL PA\u00cdS algunos de los asistentes. Fue a partir de esa reuni\u00f3n que se empez\u00f3 a hablar de un pacto para mantener la cohesi\u00f3n interna: el segundo lugar ir\u00eda a la coordinaci\u00f3n del Senado, el tercero conducir\u00eda a la bancada en la C\u00e1mara de Diputados y el cuarto ocupar\u00eda una posici\u00f3n de privilegio como secretario de Estado.https:\/\/imasdk.googleapis.com\/js\/core\/bridge3.605.0_en.html#goog_890882084<\/p>\n\n\n\n<p>Las primeras dudas sobre el acuerdo surgieron el pasado 6 de septiembre, el d\u00eda en que Sheinbaum fue ungida como candidata y en que\u00a0Marcelo Ebrard,\u00a0el segundo lugar, desconoci\u00f3 los resultados y acus\u00f3 pr\u00e1cticas fraudulentas en la contienda interna. El excanciller no s\u00f3lo dej\u00f3 en vilo si iba a aceptar un lugar en el Senado, tambi\u00e9n su propia permanencia dentro de la formaci\u00f3n. \u201cNo voy a cambiar de partido ni a dejar de luchar\u201d, dijo Ebrard el pasado 13 de noviembre, tras dos meses de silencio y especulaciones que terminaron con un \u201centendimiento pol\u00edtico con Claudia\u201d, en sus palabras.<\/p>\n\n\n\n<blockquote class=\"wp-block-quote is-layout-flow wp-block-quote-is-layout-flow\"><p>\u201cNo me ha ofrecido ning\u00fan cargo y la senadur\u00eda yo le dije \u2018por ahora, no es el tema\u2019, porque eso estaba ya en el acuerdo del Consejo Nacional. Ya lo he dicho en varias ocasiones: eso va al \u00faltimo\u201d, afirm\u00f3 Ebrard. En esa rueda prensa mencion\u00f3 en al menos tres ocasiones que no hab\u00eda negociado ning\u00fan puesto pol\u00edtico. El excanciller reconoci\u00f3 que Sheinbaum ten\u00eda el \u201cbast\u00f3n de mando\u201d y dijo que mantuvo al menos dos reuniones con ella para dejar atr\u00e1s las diferencias. Asegur\u00f3, adem\u00e1s, que en la negociaci\u00f3n no intervinieron ni L\u00f3pez Obrador ni Mario Delgado, el dirigente nacional de Morena. \u201cLo que proced\u00eda era dialogar directamente con Claudia y es lo que he hecho\u201d, se\u00f1al\u00f3.<\/p><\/blockquote>\n\n\n\n<p>Fuente: <a href=\"https:\/\/elpais.com\/mexico\/elecciones-mexicanas\/2023-11-26\/sheinbaum-toma-el-baston-de-mando-en-la-negociacion-sobre-el-futuro-politico-de-las-otras-corcholatas.html\" data-type=\"URL\" data-id=\"https:\/\/elpais.com\/mexico\/elecciones-mexicanas\/2023-11-26\/sheinbaum-toma-el-baston-de-mando-en-la-negociacion-sobre-el-futuro-politico-de-las-otras-corcholatas.html\">El Pa\u00eds<\/a><\/p>\n","protected":false},"excerpt":{"rendered":"<p>La coordinaci\u00f3n en el Senado, el liderazgo de la bancada en la C\u00e1mara de Diputados y posiciones privilegiadas en el Gabinete presidencial. Esos fueron los llamados \u201cpremios de consolaci\u00f3n\u201d que pactaron los contendientes con la dirigencia nacional del partido antes de que comenzara la carrera presidencial de Morena para mantener la unidad y evitar fracturas [&hellip;]<\/p>\n","protected":false},"author":35,"featured_media":121264,"comment_status":"open","ping_status":"open","sticky":false,"template":"","format":"standard","meta":{"_monsterinsights_skip_tracking":false,"_monsterinsights_sitenote_active":false,"_monsterinsights_sitenote_note":"","_monsterinsights_sitenote_category":0,"footnotes":""},"categories":[158],"tags":[2801,17373,487,162],"class_list":["post-130669","post","type-post","status-publish","format-standard","has-post-thumbnail","hentry","category-politica","tag-claudia-sheinbaum","tag-corcholatas","tag-politico","tag-portada","wp-image-borders"],"amp_enabled":true,"_links":{"self":[{"href":"https:\/\/nvnoticias.mx\/index.php\/wp-json\/wp\/v2\/posts\/130669","targetHints":{"allow":["GET"]}}],"collection":[{"href":"https:\/\/nvnoticias.mx\/index.php\/wp-json\/wp\/v2\/posts"}],"about":[{"href":"https:\/\/nvnoticias.mx\/index.php\/wp-json\/wp\/v2\/types\/post"}],"author":[{"embeddable":true,"href":"https:\/\/nvnoticias.mx\/index.php\/wp-json\/wp\/v2\/users\/35"}],"replies":[{"embeddable":true,"href":"https:\/\/nvnoticias.mx\/index.php\/wp-json\/wp\/v2\/comments?post=130669"}],"version-history":[{"count":3,"href":"https:\/\/nvnoticias.mx\/index.php\/wp-json\/wp\/v2\/posts\/130669\/revisions"}],"predecessor-version":[{"id":130672,"href":"https:\/\/nvnoticias.mx\/index.php\/wp-json\/wp\/v2\/posts\/130669\/revisions\/130672"}],"wp:featuredmedia":[{"embeddable":true,"href":"https:\/\/nvnoticias.mx\/index.php\/wp-json\/wp\/v2\/media\/121264"}],"wp:attachment":[{"href":"https:\/\/nvnoticias.mx\/index.php\/wp-json\/wp\/v2\/media?parent=130669"}],"wp:term":[{"taxonomy":"category","embeddable":true,"href":"https:\/\/nvnoticias.mx\/index.php\/wp-json\/wp\/v2\/categories?post=130669"},{"taxonomy":"post_tag","embeddable":true,"href":"https:\/\/nvnoticias.mx\/index.php\/wp-json\/wp\/v2\/tags?post=130669"}],"curies":[{"name":"wp","href":"https:\/\/api.w.org\/{rel}","templated":true}]}}