{"id":130632,"date":"2023-11-26T10:55:00","date_gmt":"2023-11-26T16:55:00","guid":{"rendered":"https:\/\/nvnoticias.mx\/?p=130632"},"modified":"2023-11-26T01:18:51","modified_gmt":"2023-11-26T07:18:51","slug":"fox-llama-dama-de-compania-a-mariana-rodriguez-y-se-defiende","status":"publish","type":"post","link":"https:\/\/nvnoticias.mx\/index.php\/2023\/11\/26\/fox-llama-dama-de-compania-a-mariana-rodriguez-y-se-defiende\/","title":{"rendered":"Fox llama dama de compa\u00f1\u00eda a Mariana Rodr\u00edguez y se defiende"},"content":{"rendered":"\n<p>La influencer y empresaria, Mariana Rodr\u00edguez, descalific\u00f3 los comentarios que realiz\u00f3 el ex presidente, Vicente Fox, en su contra y le respondi\u00f3: \u201cSoy mujer, licenciada, empresaria, esposa y madre\u201d.<\/p>\n\n\n\n<blockquote class=\"wp-block-quote is-layout-flow wp-block-quote-is-layout-flow\"><p>\u201cSe\u00f1or, no soy una dama de compa\u00f1\u00eda. Soy una mujer, soy licenciada, soy empresaria, soy esposa y soy madre\u201d, dijo.<\/p><\/blockquote>\n\n\n\n<p>En su cuenta de X, Rodr\u00edguez asegur\u00f3 que no va a permitir que el ex mandatario hable as\u00ed de ella ni de ninguna mujer, \u201cno somos accesorios ni puede faltarnos al respeto, y menos de esa forma tan vulgar\u201d.<\/p>\n\n\n\n<blockquote class=\"wp-block-quote is-layout-flow wp-block-quote-is-layout-flow\"><p>\u201cNo le permito que me hable as\u00ed a m\u00ed, ni a ninguna otra mujer. No somos accesorios, ni objetos, ni puede faltarnos al respeto, y menos de esa forma tan vulgar\u201d, se\u00f1al\u00f3.<\/p><\/blockquote>\n\n\n\n<p>En otra publicaci\u00f3n, Rodr\u00edguez Cant\u00fa record\u00f3 al ex presidente panista que hoy es el\u00a0D\u00eda Internacional para la Erradicaci\u00f3n de Violencia contra las Mujeres\u00a0y las ni\u00f1as, y acot\u00f3: \u201cT\u00f3melo en cuenta\u201d.<\/p>\n\n\n\n<blockquote class=\"wp-block-quote is-layout-flow wp-block-quote-is-layout-flow\"><p>\u201cLo que usted hizo, se llama violencia. Por cierto, hoy es el D\u00eda Internacional de la de la Violencia contra las Mujeres y las ni\u00f1as. T\u00f3melo en cuenta\u201d, indic\u00f3.<br><\/p><\/blockquote>\n\n\n\n<h2 class=\"wp-block-heading\">X\u00f3chitl G\u00e1lvez se solidariza con Mariana Rodr\u00edguez\u00a0<\/h2>\n\n\n\n<p>La precandidata panista, X\u00f3chitl G\u00e1lvez, rechaz\u00f3 y conden\u00f3 las expresiones del ex presidente Vicente Fox hacia la empresaria y asegur\u00f3 que su lucha es hacia la violencia contra las mujeres. Esto, a pesar de que el ex presidente ha sido uno de los promotores m\u00e1s activos de la panista para la Presidencia.<\/p>\n\n\n\n<blockquote class=\"wp-block-quote is-layout-flow wp-block-quote-is-layout-flow\"><p>\u201cSi atacan a una nos atacan a todas. Mi lucha es contra la violencia hacia las mujeres, venga de quien venga, vaya contra quien vaya. Rechazo y condeno totalmente las afirmaciones de Vicente Fox contra Mariana Rodr\u00edguez\u201d, escribi\u00f3.<br><\/p><\/blockquote>\n\n\n\n<p>Fuente: <a href=\"https:\/\/www.milenio.com\/politica\/elecciones\/vicente-fox-llama-dama-compania-mariana-rodriguez-responde\" data-type=\"URL\" data-id=\"https:\/\/www.milenio.com\/politica\/elecciones\/vicente-fox-llama-dama-compania-mariana-rodriguez-responde\">Milenio<\/a> <\/p>\n","protected":false},"excerpt":{"rendered":"<p>La influencer y empresaria, Mariana Rodr\u00edguez, descalific\u00f3 los comentarios que realiz\u00f3 el ex presidente, Vicente Fox, en su contra y le respondi\u00f3: \u201cSoy mujer, licenciada, empresaria, esposa y madre\u201d. \u201cSe\u00f1or, no soy una dama de compa\u00f1\u00eda. Soy una mujer, soy licenciada, soy empresaria, soy esposa y soy madre\u201d, dijo. En su cuenta de X, Rodr\u00edguez [&hellip;]<\/p>\n","protected":false},"author":35,"featured_media":130636,"comment_status":"open","ping_status":"open","sticky":false,"template":"","format":"standard","meta":{"_monsterinsights_skip_tracking":false,"_monsterinsights_sitenote_active":false,"_monsterinsights_sitenote_note":"","_monsterinsights_sitenote_category":0,"footnotes":""},"categories":[158],"tags":[3914,2130],"class_list":["post-130632","post","type-post","status-publish","format-standard","has-post-thumbnail","hentry","category-politica","tag-mariana-rodriguez","tag-vicente-fox","wp-image-borders"],"amp_enabled":true,"_links":{"self":[{"href":"https:\/\/nvnoticias.mx\/index.php\/wp-json\/wp\/v2\/posts\/130632","targetHints":{"allow":["GET"]}}],"collection":[{"href":"https:\/\/nvnoticias.mx\/index.php\/wp-json\/wp\/v2\/posts"}],"about":[{"href":"https:\/\/nvnoticias.mx\/index.php\/wp-json\/wp\/v2\/types\/post"}],"author":[{"embeddable":true,"href":"https:\/\/nvnoticias.mx\/index.php\/wp-json\/wp\/v2\/users\/35"}],"replies":[{"embeddable":true,"href":"https:\/\/nvnoticias.mx\/index.php\/wp-json\/wp\/v2\/comments?post=130632"}],"version-history":[{"count":3,"href":"https:\/\/nvnoticias.mx\/index.php\/wp-json\/wp\/v2\/posts\/130632\/revisions"}],"predecessor-version":[{"id":130635,"href":"https:\/\/nvnoticias.mx\/index.php\/wp-json\/wp\/v2\/posts\/130632\/revisions\/130635"}],"wp:featuredmedia":[{"embeddable":true,"href":"https:\/\/nvnoticias.mx\/index.php\/wp-json\/wp\/v2\/media\/130636"}],"wp:attachment":[{"href":"https:\/\/nvnoticias.mx\/index.php\/wp-json\/wp\/v2\/media?parent=130632"}],"wp:term":[{"taxonomy":"category","embeddable":true,"href":"https:\/\/nvnoticias.mx\/index.php\/wp-json\/wp\/v2\/categories?post=130632"},{"taxonomy":"post_tag","embeddable":true,"href":"https:\/\/nvnoticias.mx\/index.php\/wp-json\/wp\/v2\/tags?post=130632"}],"curies":[{"name":"wp","href":"https:\/\/api.w.org\/{rel}","templated":true}]}}