{"id":13048,"date":"2021-05-12T10:26:12","date_gmt":"2021-05-12T15:26:12","guid":{"rendered":"https:\/\/nvnoticias.mx\/?p=13048"},"modified":"2021-05-12T10:26:13","modified_gmt":"2021-05-12T15:26:13","slug":"trabajadores-del-hospital-de-tarimoya-se-manifiestan-por-violaciones-a-sus-derechos-laborales","status":"publish","type":"post","link":"https:\/\/nvnoticias.mx\/index.php\/2021\/05\/12\/trabajadores-del-hospital-de-tarimoya-se-manifiestan-por-violaciones-a-sus-derechos-laborales\/","title":{"rendered":"Trabajadores del Hospital de Tarimoya se manifiestan por violaciones a sus derechos laborales"},"content":{"rendered":"\n<p><strong>Jes\u00fas Utrilla \/ NV Noticias<\/strong> <\/p>\n\n\n\n<p>Personal de salud del Hospital de Tarimoya, turno nocturno, se manifest\u00f3 para exigir que les respeten los descansos.<\/p>\n\n\n\n<p>La ginec\u00f3loga, Teresa G\u00f3mez, se\u00f1al\u00f3 que directivos del hospital, los obligan a trabajar horas extras o en d\u00edas festivos pero sin pagarles lo correspondiente.<\/p>\n\n\n\n<p>El \u00fanico beneficio que les ofrecieron es otorgarles un d\u00eda festivo por cada ocho horas adicionales que lleguen a trabajar.<\/p>\n\n\n\n<p>Responsabilizaron al director general, Hugo Enrique Reyes, la administradora, Mar\u00eda de Jes\u00fas Salas Ortega y Roc\u00edo Rivera, de Recursos Humanos, de tomar dicha medida.<\/p>\n\n\n\n<blockquote class=\"wp-block-quote is-layout-flow wp-block-quote-is-layout-flow\"><p><em>\u201cEso contraviene lo estipulado en la Fracci\u00f3n 10 del Art\u00edculo 123 Constitucional y el Art\u00edculo 75 de la Ley Federal del Trabajo. Ante la falta de respuesta de las autoridades estamos pidiendo a las autoridades de Salud que atiendan a nuestro llamado, no podemos estar en ese marco de ilegalidad\u201d.<\/em><\/p><\/blockquote>\n\n\n\n<p>Se manifestaron enfermeras, m\u00e9dicos, personal administrativo, qu\u00edmicos, trabajo social, entre otros trabajadores.<\/p>\n\n\n\n<p>Cabe mencionar que no se vio interrumpido el servicio en el Hospital de Tarimoya.<\/p>\n\n\n\n<p>Advirtieron que la queja ser\u00e1 llevada ante la Secretar\u00eda de la Funci\u00f3n P\u00fablica y ante la Contralor\u00eda Interna, aunque por motivo de las elecciones no les agendan cita.<\/p>\n\n\n\n<p>Esperar\u00e1n a que concluya el proceso para acudir tambi\u00e9n a la Junta de Conciliaci\u00f3n y Arbitraje, pues el a\u00f1o pasado por motivo de la pandemia les suspendieron vacaciones.<\/p>\n\n\n\n<p>Son entre 150 y 200 trabajadores del sector salud afectados, por ello decidieron manifestarse.<\/p>\n","protected":false},"excerpt":{"rendered":"<p>Jes\u00fas Utrilla \/ NV Noticias Personal de salud del Hospital de Tarimoya, turno nocturno, se manifest\u00f3 para exigir que les respeten los descansos. La ginec\u00f3loga, Teresa G\u00f3mez, se\u00f1al\u00f3 que directivos del hospital, los obligan a trabajar horas extras o en d\u00edas festivos pero sin pagarles lo correspondiente. El \u00fanico beneficio que les ofrecieron es otorgarles [&hellip;]<\/p>\n","protected":false},"author":6,"featured_media":13049,"comment_status":"open","ping_status":"open","sticky":false,"template":"","format":"standard","meta":{"_monsterinsights_skip_tracking":false,"_monsterinsights_sitenote_active":false,"_monsterinsights_sitenote_note":"","_monsterinsights_sitenote_category":0,"footnotes":""},"categories":[154],"tags":[3611,3610,941,3357],"class_list":["post-13048","post","type-post","status-publish","format-standard","has-post-thumbnail","hentry","category-veracruz","tag-derechos-laborales","tag-hospital-de-tarimoya","tag-trabajadores","tag-violacion-2","wp-image-borders"],"amp_enabled":true,"_links":{"self":[{"href":"https:\/\/nvnoticias.mx\/index.php\/wp-json\/wp\/v2\/posts\/13048","targetHints":{"allow":["GET"]}}],"collection":[{"href":"https:\/\/nvnoticias.mx\/index.php\/wp-json\/wp\/v2\/posts"}],"about":[{"href":"https:\/\/nvnoticias.mx\/index.php\/wp-json\/wp\/v2\/types\/post"}],"author":[{"embeddable":true,"href":"https:\/\/nvnoticias.mx\/index.php\/wp-json\/wp\/v2\/users\/6"}],"replies":[{"embeddable":true,"href":"https:\/\/nvnoticias.mx\/index.php\/wp-json\/wp\/v2\/comments?post=13048"}],"version-history":[{"count":1,"href":"https:\/\/nvnoticias.mx\/index.php\/wp-json\/wp\/v2\/posts\/13048\/revisions"}],"predecessor-version":[{"id":13050,"href":"https:\/\/nvnoticias.mx\/index.php\/wp-json\/wp\/v2\/posts\/13048\/revisions\/13050"}],"wp:featuredmedia":[{"embeddable":true,"href":"https:\/\/nvnoticias.mx\/index.php\/wp-json\/wp\/v2\/media\/13049"}],"wp:attachment":[{"href":"https:\/\/nvnoticias.mx\/index.php\/wp-json\/wp\/v2\/media?parent=13048"}],"wp:term":[{"taxonomy":"category","embeddable":true,"href":"https:\/\/nvnoticias.mx\/index.php\/wp-json\/wp\/v2\/categories?post=13048"},{"taxonomy":"post_tag","embeddable":true,"href":"https:\/\/nvnoticias.mx\/index.php\/wp-json\/wp\/v2\/tags?post=13048"}],"curies":[{"name":"wp","href":"https:\/\/api.w.org\/{rel}","templated":true}]}}