{"id":130476,"date":"2023-11-24T14:59:24","date_gmt":"2023-11-24T20:59:24","guid":{"rendered":"https:\/\/nvnoticias.mx\/?p=130476"},"modified":"2023-11-24T14:59:25","modified_gmt":"2023-11-24T20:59:25","slug":"cambia-de-ruta-caravana-migrante-en-oaxaca-y-se-dirige-a-veracruz-por-cuenta-propia","status":"publish","type":"post","link":"https:\/\/nvnoticias.mx\/index.php\/2023\/11\/24\/cambia-de-ruta-caravana-migrante-en-oaxaca-y-se-dirige-a-veracruz-por-cuenta-propia\/","title":{"rendered":"Cambia de ruta caravana migrante en Oaxaca y se dirige a Veracruz por cuenta propia"},"content":{"rendered":"\n<p>La caravana migrante que est\u00e1 en\u00a0Oaxaca\u00a0decidi\u00f3 seguir su camino la madrugada de este viernes\u00a0<strong>hacia la frontera norte de M\u00e9xico<\/strong>, luego de que el grupo descans\u00f3 por m\u00e1s de 12 horas en el municipio de Santo Domingo Ingenio.<\/p>\n\n\n\n<p>En el lugar,\u00a0<strong>la autoridad municipal brind\u00f3 un espacio<\/strong>\u00a0para que los m\u00e1s de 2 mil 300 migrantes de la caravana descansaran.\u00a0Con recursos propios, los migrantes consiguieron transporte para que los llevara al municipio de Mat\u00edas Romero.<\/p>\n\n\n\n<p>Una vez que lleguen a esa localidad, avanzar\u00e1n&nbsp;sobre la carretera a pie o en autom\u00f3vil hac\u00eda el estado de Veracruz, para llegar a la Ciudad de M\u00e9xico.<\/p>\n\n\n\n<p>Ulises Ortiz, coordinador de esta caravana, se\u00f1al\u00f3\u00a0que el cambio de ruta obedece a que\u00a0<strong>no cuentan con una estancia regular en M\u00e9xico<\/strong>.<\/p>\n\n\n\n<blockquote class=\"wp-block-quote is-layout-flow wp-block-quote-is-layout-flow\"><p>&#8220;Cambiamos de ruta de no irnos a Juchit\u00e1n porque migraci\u00f3n nos dice que nos va a dar o que ah\u00ed podemos comprar nuestros boletos, pero \u00bfqui\u00e9n nos garantiza que, sin un documento oficial, podamos abordar los autobuses y no vayamos a ser detenidos y deportados&#8221;.<\/p><\/blockquote>\n\n\n\n<p>El municipio de Santo Domingo Ingenio ha&nbsp;<strong>recibido alrededor de tres mil migrantes<\/strong>&nbsp;en los \u00faltimos meses, brind\u00e1ndoles un espacio donde descansar, as\u00ed como otorgando atenci\u00f3n m\u00e9dica a quienes lo han requerido.<\/p>\n\n\n\n<p>Germain Alvarado, alcalde de esta poblaci\u00f3n, explic\u00f3\u00a0que no ha sido una tarea f\u00e1cil, pero siempre se han mostrado solidarios con las personas migrantes.<\/p>\n\n\n\n<p>Se\u00f1al\u00f3 que un porcentaje alto de los que integran est\u00e1 caravana son de pa\u00edses que no tienen convenio humanitario con Estados Unidos, situaci\u00f3n que&nbsp;<strong>les impide adquirir los boletos<\/strong>&nbsp;de autob\u00fas en el &#8220;Centro de Movilidad Migratoria&#8221;.<\/p>\n\n\n\n<blockquote class=\"wp-block-quote is-layout-flow wp-block-quote-is-layout-flow\"><p>&#8220;Sabemos que en Juchit\u00e1n est\u00e1n agarrando s\u00f3lo cuatro nacionalidades y la mayor parte de las personas que venimos aqu\u00ed, es arriba del 80 por ciento de centroamericanos, que son hondure\u00f1os, donde&nbsp;<strong>no se les vende un boleto para poder viajar<\/strong>&#8220;.<\/p><\/blockquote>\n\n\n\n<p>Anoche, despu\u00e9s de una asamblea, los migrantes decidieron avanzar hac\u00eda la poblaci\u00f3n de Mat\u00edas Romero, en la zona norte del Istmo de Tehuantepec, para&nbsp;<strong>llegar a Veracruz<\/strong>.<\/p>\n\n\n\n<p>En esa entidad, esperan dialogar con las autoridades locales y, con ello, avanzar a la Ciudad de M\u00e9xico, donde buscar\u00e1n a la\u00a0Comisi\u00f3n Mexicana de Ayuda a Refugiados (<strong>Comar<\/strong>) y al Instituto Nacional de Migraci\u00f3n (<strong>INM<\/strong>) para conseguir permisos y estancias humanitarias.<\/p>\n\n\n\n<p>Fuente: <a href=\"https:\/\/www.milenio.com\/estados\/caravana-migrante-oaxaca-cambia-ruta-dirige-veracruz\" data-type=\"URL\" data-id=\"https:\/\/www.milenio.com\/estados\/caravana-migrante-oaxaca-cambia-ruta-dirige-veracruz\">Milenio<\/a> <\/p>\n","protected":false},"excerpt":{"rendered":"<p>La caravana migrante que est\u00e1 en\u00a0Oaxaca\u00a0decidi\u00f3 seguir su camino la madrugada de este viernes\u00a0hacia la frontera norte de M\u00e9xico, luego de que el grupo descans\u00f3 por m\u00e1s de 12 horas en el municipio de Santo Domingo Ingenio. En el lugar,\u00a0la autoridad municipal brind\u00f3 un espacio\u00a0para que los m\u00e1s de 2 mil 300 migrantes de la [&hellip;]<\/p>\n","protected":false},"author":35,"featured_media":28508,"comment_status":"open","ping_status":"open","sticky":false,"template":"","format":"standard","meta":{"_monsterinsights_skip_tracking":false,"_monsterinsights_sitenote_active":false,"_monsterinsights_sitenote_note":"","_monsterinsights_sitenote_category":0,"footnotes":""},"categories":[157],"tags":[479,17929,270,7629,180],"class_list":["post-130476","post","type-post","status-publish","format-standard","has-post-thumbnail","hentry","category-nacional","tag-caravana-migrante","tag-dirige","tag-oaxaca","tag-ruta","tag-veracruz","wp-image-borders"],"amp_enabled":true,"_links":{"self":[{"href":"https:\/\/nvnoticias.mx\/index.php\/wp-json\/wp\/v2\/posts\/130476","targetHints":{"allow":["GET"]}}],"collection":[{"href":"https:\/\/nvnoticias.mx\/index.php\/wp-json\/wp\/v2\/posts"}],"about":[{"href":"https:\/\/nvnoticias.mx\/index.php\/wp-json\/wp\/v2\/types\/post"}],"author":[{"embeddable":true,"href":"https:\/\/nvnoticias.mx\/index.php\/wp-json\/wp\/v2\/users\/35"}],"replies":[{"embeddable":true,"href":"https:\/\/nvnoticias.mx\/index.php\/wp-json\/wp\/v2\/comments?post=130476"}],"version-history":[{"count":3,"href":"https:\/\/nvnoticias.mx\/index.php\/wp-json\/wp\/v2\/posts\/130476\/revisions"}],"predecessor-version":[{"id":130479,"href":"https:\/\/nvnoticias.mx\/index.php\/wp-json\/wp\/v2\/posts\/130476\/revisions\/130479"}],"wp:featuredmedia":[{"embeddable":true,"href":"https:\/\/nvnoticias.mx\/index.php\/wp-json\/wp\/v2\/media\/28508"}],"wp:attachment":[{"href":"https:\/\/nvnoticias.mx\/index.php\/wp-json\/wp\/v2\/media?parent=130476"}],"wp:term":[{"taxonomy":"category","embeddable":true,"href":"https:\/\/nvnoticias.mx\/index.php\/wp-json\/wp\/v2\/categories?post=130476"},{"taxonomy":"post_tag","embeddable":true,"href":"https:\/\/nvnoticias.mx\/index.php\/wp-json\/wp\/v2\/tags?post=130476"}],"curies":[{"name":"wp","href":"https:\/\/api.w.org\/{rel}","templated":true}]}}