{"id":130337,"date":"2023-11-23T16:11:08","date_gmt":"2023-11-23T22:11:08","guid":{"rendered":"https:\/\/nvnoticias.mx\/?p=130337"},"modified":"2023-11-23T16:11:44","modified_gmt":"2023-11-23T22:11:44","slug":"habla-melissa-barrera-por-primera-vez-tras-su-despido-de-scream-7","status":"publish","type":"post","link":"https:\/\/nvnoticias.mx\/index.php\/2023\/11\/23\/habla-melissa-barrera-por-primera-vez-tras-su-despido-de-scream-7\/","title":{"rendered":"Habla Melissa Barrera por primera vez tras su despido de \u201cScream 7\u2033"},"content":{"rendered":"\n<p><strong>Melissa Barrera<\/strong>&nbsp;se convirti\u00f3 en tendencias de redes sociales despu\u00e9s de que trascendiera que fue despedida de la pel\u00edcula&nbsp;<em>Scream 7<\/em>, saga donde se convirti\u00f3 en la protagonista de la \u00faltima entrega, presuntamente por su manera de pensar respecto al conflicto armado que se desat\u00f3 entre Israel y Palestina.<\/p>\n\n\n\n<p>De acuerdo con las publicaciones de la\u00a0<strong>actriz mexicana<\/strong>\u00a0en sus plataformas digitales ella se posicion\u00f3 en defensa de los derechos de los habitantes de\u00a0<strong>Palestina\u00a0<\/strong>adem\u00e1s de denunciar que la invasi\u00f3n por parte de Israel era una violaci\u00f3n a la libertad, inclusive lo compar\u00f3 con\u00a0<strong>M\u00e9xico\u00a0<\/strong>al decir que nuestro pa\u00eds fue colonizado justo como ellos intentaban hacerlo a trav\u00e9s de la invasi\u00f3n.<\/p>\n\n\n\n<p>Despu\u00e9s de que se confirmara que fue retirada del elenco de la nueva entrega de la saga de terror, donde el villano principal es el asesino Ghostface, finalmente Melissa Barrera rompi\u00f3 el silencio expresando su sentir ante el despido de la pel\u00edcula de horror despu\u00e9s de expresar su opini\u00f3n.<\/p>\n\n\n\n<figure class=\"wp-block-image size-large\"><img loading=\"lazy\" decoding=\"async\" width=\"652\" height=\"1024\" src=\"https:\/\/nvnoticias.mx\/wp-content\/uploads\/2023\/11\/image-78-652x1024.png\" alt=\"\" class=\"wp-image-130340\" srcset=\"https:\/\/nvnoticias.mx\/wp-content\/uploads\/2023\/11\/image-78-652x1024.png 652w, https:\/\/nvnoticias.mx\/wp-content\/uploads\/2023\/11\/image-78-191x300.png 191w, https:\/\/nvnoticias.mx\/wp-content\/uploads\/2023\/11\/image-78-768x1207.png 768w, https:\/\/nvnoticias.mx\/wp-content\/uploads\/2023\/11\/image-78-977x1536.png 977w, https:\/\/nvnoticias.mx\/wp-content\/uploads\/2023\/11\/image-78.png 1018w\" sizes=\"auto, (max-width: 652px) 100vw, 652px\" \/><\/figure>\n\n\n\n<p>El texto conden\u00f3, en primera instancia, el&nbsp;<strong>antisemitismo&nbsp;<\/strong>(odio y rechazo a los jud\u00edos) y la&nbsp;<strong>Islamofobia&nbsp;<\/strong>(que hace referencia al rechazo y miedo hacia las personas que practican la religi\u00f3n isl\u00e1mica), asimismo expres\u00f3 su orgullo de ser mexicana y, como naci\u00f3, en un lugar libre, entonces se ve\u00eda con la responsabilidad de condenar y denunciar p\u00fablicamente los hechos en contra de aquellos \u201cque no tienen voz\u201d.<\/p>\n\n\n\n<p>Estas fueron las palabras exactas de&nbsp;<strong>Melissa Barrera<\/strong>:<\/p>\n\n\n\n<p>\u201cAnte todo condeno el&nbsp;<strong>antisemitismo&nbsp;<\/strong>y la&nbsp;<strong>islamofobia<\/strong>. Condeno el odio y los prejuicios de cualquier tipo en contra de cualquier grupo de personas. Como latina, y orgullosamente mexicana, siento la responsabilidad de tener una plataforma que me permita el privilegio de ser escuchada, y por eso intento utilizarla para crear conciencia sobre temas que me importan y prestar mi voz a quienes m\u00e1s lo necesitan\u201d.<img decoding=\"async\" alt=\"Melissa Barrera protagoniz\u00f3 la \u00faltima entrega de &quot;Scream&quot;. Foto:\nInstagram\/@melissabarreram\" src=\"https:\/\/www.infobae.com\/new-resizer\/9Txv80Htfv3fcq8685W2cyHYE4M=\/arc-anglerfish-arc2-prod-infobae\/public\/YENPMSC4P5GGVNWQ7DM7V6PYEE.jpg\">Melissa Barrera protagoniz\u00f3 la \u00faltima entrega de &#8220;Scream&#8221;. Foto: Instagram\/@melissabarreram<\/p>\n\n\n\n<p><strong>Melissa Barrera<\/strong>\u00a0reiter\u00f3 sus ideas diciendo que los<strong>\u00a0derechos humanos<\/strong>\u00a0deben ser garantizados para todos los seres humanos sin importar su origen o creencias, justo lo que no aplic\u00f3 con ella pues su despido fue aparentemente justificado por su \u201cforma de pensar\u201d, as\u00ed continu\u00f3 con el mensaje:<\/p>\n\n\n\n<p>\u201cTodas las personas&#8230; independientemente de su religi\u00f3n, raza, etnia, g\u00e9nero, orientaci\u00f3n sexual o estatus socioecon\u00f3mico, merecen iguales derechos humanos, dignidad y, por supuesto, libertad&#8230; rezo d\u00eda y noche porque no haya m\u00e1s muertes y no m\u00e1s violencia, por la paz&#8230; Continuar\u00e9 hablando por aquellos que lo necesitan&#8230;&nbsp;<strong>el silencio no es una opci\u00f3n para m\u00ed<\/strong>\u201d.<img decoding=\"async\" alt=\"Melissa Barrera rompi\u00f3 el silencio tras confirmarse que no pertenec\u00eda m\u00e1s al elenco de &quot;Scream 7&quot;. @Desde_LaButaca_\" src=\"https:\/\/www.infobae.com\/new-resizer\/i7zxRExbgtii48QYb8UT7ZK6D3I=\/arc-anglerfish-arc2-prod-infobae\/public\/AWWKJUFSQVFLXCNOQLWMNXT4II.jpg\">Melissa Barrera rompi\u00f3 el silencio tras confirmarse que no pertenec\u00eda m\u00e1s al elenco de &#8220;Scream 7&#8221;. @Desde_LaButaca_<\/p>\n\n\n\n<p>Despu\u00e9s de que se diera a conocer sobre el despido de<strong>\u00a0Melissa Barrera\u00a0<\/strong>de la producci\u00f3n de\u00a0<em>Scream 7<\/em>, las redes sociales comenzaron a enviar mensajes de apoyo a la actriz mexicana, adem\u00e1s del respaldo criticando a la casa productora\u00a0<em>Spyglass<\/em>, que est\u00e1 a cargo de las nuevas entregas de pel\u00edculas sobre Ghostface, a quien calificaron como una empresa que no tolera ni respeta la libertad de expresi\u00f3n.<\/p>\n\n\n\n<p>Fuente: <a href=\"https:\/\/www.infobae.com\/mexico\/2023\/11\/23\/el-silencio-no-es-una-opcion-para-mi-melissa-barrera-habla-por-primera-vez-tras-su-despido-de-scream-7\/?outputType=amp-type\" data-type=\"URL\" data-id=\"https:\/\/www.infobae.com\/mexico\/2023\/11\/23\/el-silencio-no-es-una-opcion-para-mi-melissa-barrera-habla-por-primera-vez-tras-su-despido-de-scream-7\/?outputType=amp-type\">Infobae<\/a><\/p>\n","protected":false},"excerpt":{"rendered":"<p>Melissa Barrera&nbsp;se convirti\u00f3 en tendencias de redes sociales despu\u00e9s de que trascendiera que fue despedida de la pel\u00edcula&nbsp;Scream 7, saga donde se convirti\u00f3 en la protagonista de la \u00faltima entrega, presuntamente por su manera de pensar respecto al conflicto armado que se desat\u00f3 entre Israel y Palestina. De acuerdo con las publicaciones de la\u00a0actriz mexicana\u00a0en [&hellip;]<\/p>\n","protected":false},"author":35,"featured_media":97373,"comment_status":"open","ping_status":"open","sticky":false,"template":"","format":"standard","meta":{"_monsterinsights_skip_tracking":false,"_monsterinsights_sitenote_active":false,"_monsterinsights_sitenote_note":"","_monsterinsights_sitenote_category":0,"footnotes":""},"categories":[576],"tags":[23705,6339,27738],"class_list":["post-130337","post","type-post","status-publish","format-standard","has-post-thumbnail","hentry","category-ocio","tag-melissa-barrera","tag-scream","tag-scream-vii","wp-image-borders"],"amp_enabled":true,"_links":{"self":[{"href":"https:\/\/nvnoticias.mx\/index.php\/wp-json\/wp\/v2\/posts\/130337","targetHints":{"allow":["GET"]}}],"collection":[{"href":"https:\/\/nvnoticias.mx\/index.php\/wp-json\/wp\/v2\/posts"}],"about":[{"href":"https:\/\/nvnoticias.mx\/index.php\/wp-json\/wp\/v2\/types\/post"}],"author":[{"embeddable":true,"href":"https:\/\/nvnoticias.mx\/index.php\/wp-json\/wp\/v2\/users\/35"}],"replies":[{"embeddable":true,"href":"https:\/\/nvnoticias.mx\/index.php\/wp-json\/wp\/v2\/comments?post=130337"}],"version-history":[{"count":5,"href":"https:\/\/nvnoticias.mx\/index.php\/wp-json\/wp\/v2\/posts\/130337\/revisions"}],"predecessor-version":[{"id":130343,"href":"https:\/\/nvnoticias.mx\/index.php\/wp-json\/wp\/v2\/posts\/130337\/revisions\/130343"}],"wp:featuredmedia":[{"embeddable":true,"href":"https:\/\/nvnoticias.mx\/index.php\/wp-json\/wp\/v2\/media\/97373"}],"wp:attachment":[{"href":"https:\/\/nvnoticias.mx\/index.php\/wp-json\/wp\/v2\/media?parent=130337"}],"wp:term":[{"taxonomy":"category","embeddable":true,"href":"https:\/\/nvnoticias.mx\/index.php\/wp-json\/wp\/v2\/categories?post=130337"},{"taxonomy":"post_tag","embeddable":true,"href":"https:\/\/nvnoticias.mx\/index.php\/wp-json\/wp\/v2\/tags?post=130337"}],"curies":[{"name":"wp","href":"https:\/\/api.w.org\/{rel}","templated":true}]}}