{"id":130265,"date":"2023-11-23T09:53:22","date_gmt":"2023-11-23T15:53:22","guid":{"rendered":"https:\/\/nvnoticias.mx\/?p=130265"},"modified":"2023-11-23T09:53:24","modified_gmt":"2023-11-23T15:53:24","slug":"gobierno-de-amlo-confirma-abierto-mexicano-de-tenis-en-acapulco-para-2024","status":"publish","type":"post","link":"https:\/\/nvnoticias.mx\/index.php\/2023\/11\/23\/gobierno-de-amlo-confirma-abierto-mexicano-de-tenis-en-acapulco-para-2024\/","title":{"rendered":"Gobierno de AMLO confirma Abierto Mexicano de Tenis en Acapulco para 2024"},"content":{"rendered":"\n<p>Los da\u00f1os ocasionados por el hurac\u00e1n\u00a0<em>Otis<\/em>\u00a0no ser\u00e1n un obst\u00e1culo para organizar el\u00a0Abierto Mexicano de Tenis\u00a0en\u00a0<strong>febrero del pr\u00f3ximo a\u00f1o<\/strong>. La secretaria de Gobernaci\u00f3n, Luisa Mar\u00eda Alcalde, confirm\u00f3 esta ma\u00f1ana que la celebraci\u00f3n del evento se mantiene en pie.<\/p>\n\n\n\n<p>En d\u00edas pasados, L\u00f3pez Obrador ha explicado que la organizaci\u00f3n de este evento deportivo y del\u00a0Tianguis Tur\u00edstico 2024\u00a0son necesarios para reactivar el turismo en el devastado puerto que dej\u00f3\u00a0<em>Otis<\/em>. Sobre el segundo, Alcalde indic\u00f3 que se llevar\u00e1 a cabo del<strong>\u00a08 al 12 de abril del 2024<\/strong>. Para cubrir la demanda de hospedaje, el Gobierno Federal se encuentra trabajando en colaboraci\u00f3n con empresarios para contar con al menos<strong>\u00a03 mil 500 habitaciones\u00a0<\/strong>para esas fechas.<\/p>\n\n\n\n<p>Asimismo, el Gobierno Federal apoyar\u00e1 a hoteleros y peque\u00f1os empresarios de la zona para que puedan recuperarse con lo siguiente:<\/p>\n\n\n\n<ul class=\"wp-block-list\"><li><strong>Cr\u00e9ditos Nafin<\/strong>, se otorgar\u00e1n sin intereses para peque\u00f1as y medianas empresas.<\/li><li><strong>Subsidio del 50 por ciento&nbsp;<\/strong>de los intereses de cr\u00e9dito de la banca privada a 373 hoteles de Acapulco.<\/li><li><strong>Diferimiento de pago de cuotas&nbsp;<\/strong>patronales del IMSS e Infonavit por seis meses.<\/li><\/ul>\n\n\n\n<p>Fuente: <a href=\"https:\/\/www.elfinanciero.com.mx\/nacional\/2023\/11\/23\/amlo-mananera-temas-hoy-23-noviembre-2023-en-vivo\/\" data-type=\"URL\" data-id=\"https:\/\/www.elfinanciero.com.mx\/nacional\/2023\/11\/23\/amlo-mananera-temas-hoy-23-noviembre-2023-en-vivo\/\">El Financiero<\/a> <\/p>\n","protected":false},"excerpt":{"rendered":"<p>Los da\u00f1os ocasionados por el hurac\u00e1n\u00a0Otis\u00a0no ser\u00e1n un obst\u00e1culo para organizar el\u00a0Abierto Mexicano de Tenis\u00a0en\u00a0febrero del pr\u00f3ximo a\u00f1o. La secretaria de Gobernaci\u00f3n, Luisa Mar\u00eda Alcalde, confirm\u00f3 esta ma\u00f1ana que la celebraci\u00f3n del evento se mantiene en pie. En d\u00edas pasados, L\u00f3pez Obrador ha explicado que la organizaci\u00f3n de este evento deportivo y del\u00a0Tianguis Tur\u00edstico 2024\u00a0son [&hellip;]<\/p>\n","protected":false},"author":35,"featured_media":3302,"comment_status":"open","ping_status":"open","sticky":false,"template":"","format":"standard","meta":{"_monsterinsights_skip_tracking":false,"_monsterinsights_sitenote_active":false,"_monsterinsights_sitenote_note":"","_monsterinsights_sitenote_category":0,"footnotes":""},"categories":[159],"tags":[10968,6001,8413,22617],"class_list":["post-130265","post","type-post","status-publish","format-standard","has-post-thumbnail","hentry","category-deportes","tag-abierto-mexicano-de-tenis","tag-acapulco","tag-confirma","tag-gobierno-de-amlo","wp-image-borders"],"amp_enabled":true,"_links":{"self":[{"href":"https:\/\/nvnoticias.mx\/index.php\/wp-json\/wp\/v2\/posts\/130265","targetHints":{"allow":["GET"]}}],"collection":[{"href":"https:\/\/nvnoticias.mx\/index.php\/wp-json\/wp\/v2\/posts"}],"about":[{"href":"https:\/\/nvnoticias.mx\/index.php\/wp-json\/wp\/v2\/types\/post"}],"author":[{"embeddable":true,"href":"https:\/\/nvnoticias.mx\/index.php\/wp-json\/wp\/v2\/users\/35"}],"replies":[{"embeddable":true,"href":"https:\/\/nvnoticias.mx\/index.php\/wp-json\/wp\/v2\/comments?post=130265"}],"version-history":[{"count":2,"href":"https:\/\/nvnoticias.mx\/index.php\/wp-json\/wp\/v2\/posts\/130265\/revisions"}],"predecessor-version":[{"id":130267,"href":"https:\/\/nvnoticias.mx\/index.php\/wp-json\/wp\/v2\/posts\/130265\/revisions\/130267"}],"wp:featuredmedia":[{"embeddable":true,"href":"https:\/\/nvnoticias.mx\/index.php\/wp-json\/wp\/v2\/media\/3302"}],"wp:attachment":[{"href":"https:\/\/nvnoticias.mx\/index.php\/wp-json\/wp\/v2\/media?parent=130265"}],"wp:term":[{"taxonomy":"category","embeddable":true,"href":"https:\/\/nvnoticias.mx\/index.php\/wp-json\/wp\/v2\/categories?post=130265"},{"taxonomy":"post_tag","embeddable":true,"href":"https:\/\/nvnoticias.mx\/index.php\/wp-json\/wp\/v2\/tags?post=130265"}],"curies":[{"name":"wp","href":"https:\/\/api.w.org\/{rel}","templated":true}]}}