{"id":130161,"date":"2023-11-22T13:57:50","date_gmt":"2023-11-22T19:57:50","guid":{"rendered":"https:\/\/nvnoticias.mx\/?p=130161"},"modified":"2023-11-22T13:58:33","modified_gmt":"2023-11-22T19:58:33","slug":"abandona-jenna-ortega-scream-7-tras-despido-de-melissa-barrera","status":"publish","type":"post","link":"https:\/\/nvnoticias.mx\/index.php\/2023\/11\/22\/abandona-jenna-ortega-scream-7-tras-despido-de-melissa-barrera\/","title":{"rendered":"Abandona Jenna Ortega \u201cScream 7\u2033 tras despido de Melissa Barrera"},"content":{"rendered":"\n<p><strong>Jenna Ortega<\/strong>\u00a0ya no ser\u00e1 parte de\u00a0<em><strong>Scream 7<\/strong><\/em>. Fuentes cercanas a la actriz confirmaron a Deadline que ella no participar\u00e1 en la pr\u00f3xima entrega de la franquicia de terror debido a conflictos de agenda con la filmaci\u00f3n de la\u00a0segunda temporada de\u00a0<em>Merlina<\/em>, adem\u00e1s del rodaje de otro importante proyecto en su portafolio:\u00a0<em>Beetlejuice 2<\/em>\u00a0de Tim Burton. El cambio en el reparto del thriller se produce despu\u00e9s de la salida de\u00a0<strong>Melissa Barrera<\/strong>, int\u00e9rprete mexicana que fue despedida por la productora Spyglass Media Group.<\/p>\n\n\n\n<p>Seg\u00fan las fuentes de Deadline, la salida de Ortega ya estaba sobre la mesa desde antes que se produjera la huelga del sindicato de actores. Ello debido a que todav\u00eda no existe un guion terminado de\u00a0<em>Scream 7<\/em>\u00a0y la joven debe realizar un viaje a Irlanda para el rodaje de la serie de\u00a0<strong>Netflix<\/strong>, el cual tomar\u00eda varios meses. Adem\u00e1s, le queda pendiente culminar con algunas escenas de\u00a0<em>Beetlejuice 2<\/em>, pues esa filmaci\u00f3n se interrumpi\u00f3 con la paralizaci\u00f3n de SAG-AFTRA.<\/p>\n\n\n\n<p>Aunque este es el motivo oficial, la coincidencia temporal con la controversia que se ha desatado en la pr\u00f3xima entrega de\u00a0<em><strong>Scream<\/strong><\/em>\u00a0ha generado especulaciones. El proyecto bajo la direcci\u00f3n de Christopher Landon se queda sin dos de los rostros que ganaron notoriedad en la saga de terror. El 21 de noviembre se hizo p\u00fablico que la productora Spyglass Media Group retir\u00f3 del elenco a\u00a0<strong>Melissa Barrera<\/strong>\u00a0debido a sus publicaciones en redes sociales sobre el conflicto Israel-Palestina.<\/p>\n\n\n\n<p>La compa\u00f1\u00eda calific\u00f3 los mensajes de Barrera como \u201cantisemitas\u201d en un comunicado donde explicaron su decisi\u00f3n. Spyglass asegur\u00f3 que tiene una pol\u00edtica de \u201ctolerancia cero con el antisemitismo o la incitaci\u00f3n al odio en cualquiera de sus formas, incluidas las referencias falsas al genocidio, la limpieza \u00e9tnica, la distorsi\u00f3n del Holocausto o cualquier cosa que cruce flagrantemente la l\u00ednea de la incitaci\u00f3n al odio\u201d.<\/p>\n\n\n\n<p>El director Landon reaccion\u00f3 brevemente a lo ocurrido con Barrera, a trav\u00e9s de un mensaje en X que luego elimin\u00f3 de su cuenta. \u201cTodo apesta. Dejen de gritar. Esta no fue mi decisi\u00f3n\u201d, escribi\u00f3.<\/p>\n\n\n\n<p>Ortega y Barrera ingresaron juntas a la franquicia\u00a0<em>Scream\u00a0<\/em>en el 2022, con el reboot de de la popular saga slasher. Sus personajes, las hermanas Tara y Sam, tambi\u00e9n regresaron en la sexta entrega que debut\u00f3 este 2023. Puedes encontrar las pel\u00edculas\u00a0<em>Scream V<\/em>en\u00a0<strong>Netflix<\/strong>\u00a0y Scream VI en<strong>\u00a0Star+.<\/strong><\/p>\n\n\n\n<p>Fuente: <a href=\"https:\/\/www.infobae.com\/que-puedo-ver\/2023\/11\/22\/jenna-ortega-abandona-scream-7-por-problemas-de-agenda-con-merlina\/\" data-type=\"URL\" data-id=\"https:\/\/www.infobae.com\/que-puedo-ver\/2023\/11\/22\/jenna-ortega-abandona-scream-7-por-problemas-de-agenda-con-merlina\/\">Infobae<\/a><\/p>\n","protected":false},"excerpt":{"rendered":"<p>Jenna Ortega\u00a0ya no ser\u00e1 parte de\u00a0Scream 7. Fuentes cercanas a la actriz confirmaron a Deadline que ella no participar\u00e1 en la pr\u00f3xima entrega de la franquicia de terror debido a conflictos de agenda con la filmaci\u00f3n de la\u00a0segunda temporada de\u00a0Merlina, adem\u00e1s del rodaje de otro importante proyecto en su portafolio:\u00a0Beetlejuice 2\u00a0de Tim Burton. El cambio [&hellip;]<\/p>\n","protected":false},"author":35,"featured_media":130166,"comment_status":"open","ping_status":"open","sticky":false,"template":"","format":"standard","meta":{"_monsterinsights_skip_tracking":false,"_monsterinsights_sitenote_active":false,"_monsterinsights_sitenote_note":"","_monsterinsights_sitenote_category":0,"footnotes":""},"categories":[576],"tags":[21621,23705,6339,27738],"class_list":["post-130161","post","type-post","status-publish","format-standard","has-post-thumbnail","hentry","category-ocio","tag-jenna-ortega","tag-melissa-barrera","tag-scream","tag-scream-vii","wp-image-borders"],"amp_enabled":true,"_links":{"self":[{"href":"https:\/\/nvnoticias.mx\/index.php\/wp-json\/wp\/v2\/posts\/130161","targetHints":{"allow":["GET"]}}],"collection":[{"href":"https:\/\/nvnoticias.mx\/index.php\/wp-json\/wp\/v2\/posts"}],"about":[{"href":"https:\/\/nvnoticias.mx\/index.php\/wp-json\/wp\/v2\/types\/post"}],"author":[{"embeddable":true,"href":"https:\/\/nvnoticias.mx\/index.php\/wp-json\/wp\/v2\/users\/35"}],"replies":[{"embeddable":true,"href":"https:\/\/nvnoticias.mx\/index.php\/wp-json\/wp\/v2\/comments?post=130161"}],"version-history":[{"count":5,"href":"https:\/\/nvnoticias.mx\/index.php\/wp-json\/wp\/v2\/posts\/130161\/revisions"}],"predecessor-version":[{"id":130167,"href":"https:\/\/nvnoticias.mx\/index.php\/wp-json\/wp\/v2\/posts\/130161\/revisions\/130167"}],"wp:featuredmedia":[{"embeddable":true,"href":"https:\/\/nvnoticias.mx\/index.php\/wp-json\/wp\/v2\/media\/130166"}],"wp:attachment":[{"href":"https:\/\/nvnoticias.mx\/index.php\/wp-json\/wp\/v2\/media?parent=130161"}],"wp:term":[{"taxonomy":"category","embeddable":true,"href":"https:\/\/nvnoticias.mx\/index.php\/wp-json\/wp\/v2\/categories?post=130161"},{"taxonomy":"post_tag","embeddable":true,"href":"https:\/\/nvnoticias.mx\/index.php\/wp-json\/wp\/v2\/tags?post=130161"}],"curies":[{"name":"wp","href":"https:\/\/api.w.org\/{rel}","templated":true}]}}