{"id":130151,"date":"2023-11-22T13:43:16","date_gmt":"2023-11-22T19:43:16","guid":{"rendered":"https:\/\/nvnoticias.mx\/?p=130151"},"modified":"2023-11-22T13:43:18","modified_gmt":"2023-11-22T19:43:18","slug":"amenaza-diputada-del-pri-con-auditoria-y-carcel-a-sandra-cuevas","status":"publish","type":"post","link":"https:\/\/nvnoticias.mx\/index.php\/2023\/11\/22\/amenaza-diputada-del-pri-con-auditoria-y-carcel-a-sandra-cuevas\/","title":{"rendered":"Amenaza diputada del PRI con auditor\u00eda y c\u00e1rcel a Sandra Cuevas"},"content":{"rendered":"\n<p>El\u00a0PRI\u00a0-de la mano de la diputada\u00a0<strong>Cynthia L\u00f3pez Castro<\/strong>&#8211;\u00a0<strong>amenaz\u00f3\u00a0<\/strong>a\u00a0Sandra Cuevas, alcaldesa de la Cuauht\u00e9moc, con hacerle una auditoria y hasta<strong>\u00a0meterla a la c\u00e1rcel<\/strong>.<\/p>\n\n\n\n<p>Esto, despu\u00e9s de que\u00a0Sandra Cuevas pausara sus relaciones con el Frente\u00a0y\u00a0<strong>revelara\u00a0<\/strong>que\u00a0<strong>los liderazgos capitalinos del PAN, PRI y PRI la extorsionaron<\/strong>\u00a0y le pidieron plazas, dinero y direcciones de la alcald\u00eda en 2021.<\/p>\n\n\n\n<blockquote class=\"wp-block-quote is-layout-flow wp-block-quote-is-layout-flow\"><p>\u201c<strong>Que se cuide<\/strong>\u00a0y<strong>\u00a0busque fuero<\/strong>, porque sin fuero las cosas son muy complicadas. Hoy\u00a0<strong>anda muy gallita<\/strong>, pero va a ver una vez que se le acabe la alcald\u00eda y metamos las peticiones a la Auditoria Superior, vamos a pedir cuentas de todas las licitaciones, de todas las compras y vamos a hacerle una auditoria y sin fuero, a ver c\u00f3mo le hace\u201d, advirti\u00f3 la priista en entrevista radiof\u00f3nica en Grupo F\u00f3rmula.<\/p><\/blockquote>\n\n\n\n<p>\u201cLos insultos a los tres presidentes nacionales fue terrible, ella cree que lleg\u00f3 sola, pero est\u00e1 bien, que le busque, porque ahora s\u00ed le vamos a meter una auditoria con todo el peso de la ley.\u00a0<strong>Sandrita<\/strong>,<strong>\u00a0ahora s\u00ed<\/strong>,\u00a0<strong>b\u00fascale bien<\/strong>,\u00a0<strong>porque sin fuero est\u00e1 de cuidado<\/strong>\u00a0y\u00a0<strong>que sea federal<\/strong>,<strong>\u00a0porque los locales no tienen fuero y entonces s\u00ed, te nos puedes ir a la c\u00e1rcel<\/strong>\u201d, a\u00f1adi\u00f3.<\/p>\n\n\n\n<hr class=\"wp-block-separator\"\/>\n\n\n\n<p>La diputada federal del PRI tambi\u00e9n dijo que Sandra Cuevas solo lleg\u00f3 a la alcald\u00eda Cuauht\u00e9moc a \u201c<strong>robar&nbsp;<\/strong>y<strong>&nbsp;comprarse ropa<\/strong>\u201d.<\/p>\n\n\n\n<blockquote class=\"wp-block-quote is-layout-flow wp-block-quote-is-layout-flow\"><p>\u201cSandra era una l\u00edder que entr\u00f3 a la alcald\u00eda, se quiso comprar ropa porque nunca hab\u00eda tenido ropa de marca, ya lo notamos todos, es como la\u00a0<em><strong>new rich pol\u00edtica<\/strong><\/em>. Vamos a hacer una auditoria sobre el dinero de los ba\u00f1os p\u00fablicos, todas las licitaciones y el presupuesto que se gast\u00f3 con los comit\u00e9s ciudadanos.\u00a0<strong>Vamos a hacer una auditorias total y absoluta<\/strong>\u201d, amag\u00f3 la priista.<\/p><\/blockquote>\n\n\n\n<hr class=\"wp-block-separator\"\/>\n\n\n\n<p>Asimismo,Cynthia L\u00f3pez Castro defendi\u00f3 a\u00a0Alejandro Moreno, presidente nacional del PRI, y dijo que siempre fue un \u201ccaballero\u201d con Sandra Cuevas, \u201ccuando ella andaba rogando por una diputaci\u00f3n\u201d.<\/p>\n\n\n\n<p>Fuente: <a href=\"https:\/\/www.elfinanciero.com.mx\/cdmx\/2023\/11\/22\/diputada-del-pri-amenaza-con-auditoria-y-carcel-a-sandra-cuevas-anda-muy-gallita\/\" data-type=\"URL\" data-id=\"https:\/\/www.elfinanciero.com.mx\/cdmx\/2023\/11\/22\/diputada-del-pri-amenaza-con-auditoria-y-carcel-a-sandra-cuevas-anda-muy-gallita\/\">El Financiero<\/a> <\/p>\n","protected":false},"excerpt":{"rendered":"<p>El\u00a0PRI\u00a0-de la mano de la diputada\u00a0Cynthia L\u00f3pez Castro&#8211;\u00a0amenaz\u00f3\u00a0a\u00a0Sandra Cuevas, alcaldesa de la Cuauht\u00e9moc, con hacerle una auditoria y hasta\u00a0meterla a la c\u00e1rcel. Esto, despu\u00e9s de que\u00a0Sandra Cuevas pausara sus relaciones con el Frente\u00a0y\u00a0revelara\u00a0que\u00a0los liderazgos capitalinos del PAN, PRI y PRI la extorsionaron\u00a0y le pidieron plazas, dinero y direcciones de la alcald\u00eda en 2021. \u201cQue se [&hellip;]<\/p>\n","protected":false},"author":35,"featured_media":40641,"comment_status":"open","ping_status":"open","sticky":false,"template":"","format":"standard","meta":{"_monsterinsights_skip_tracking":false,"_monsterinsights_sitenote_active":false,"_monsterinsights_sitenote_note":"","_monsterinsights_sitenote_category":0,"footnotes":""},"categories":[158],"tags":[512,20094,1869,2877,208,10219],"class_list":["post-130151","post","type-post","status-publish","format-standard","has-post-thumbnail","hentry","category-politica","tag-amenaza","tag-auditoria-2","tag-carcel","tag-diputada","tag-pri","tag-sandra-cuevas","wp-image-borders"],"amp_enabled":true,"_links":{"self":[{"href":"https:\/\/nvnoticias.mx\/index.php\/wp-json\/wp\/v2\/posts\/130151","targetHints":{"allow":["GET"]}}],"collection":[{"href":"https:\/\/nvnoticias.mx\/index.php\/wp-json\/wp\/v2\/posts"}],"about":[{"href":"https:\/\/nvnoticias.mx\/index.php\/wp-json\/wp\/v2\/types\/post"}],"author":[{"embeddable":true,"href":"https:\/\/nvnoticias.mx\/index.php\/wp-json\/wp\/v2\/users\/35"}],"replies":[{"embeddable":true,"href":"https:\/\/nvnoticias.mx\/index.php\/wp-json\/wp\/v2\/comments?post=130151"}],"version-history":[{"count":4,"href":"https:\/\/nvnoticias.mx\/index.php\/wp-json\/wp\/v2\/posts\/130151\/revisions"}],"predecessor-version":[{"id":130155,"href":"https:\/\/nvnoticias.mx\/index.php\/wp-json\/wp\/v2\/posts\/130151\/revisions\/130155"}],"wp:featuredmedia":[{"embeddable":true,"href":"https:\/\/nvnoticias.mx\/index.php\/wp-json\/wp\/v2\/media\/40641"}],"wp:attachment":[{"href":"https:\/\/nvnoticias.mx\/index.php\/wp-json\/wp\/v2\/media?parent=130151"}],"wp:term":[{"taxonomy":"category","embeddable":true,"href":"https:\/\/nvnoticias.mx\/index.php\/wp-json\/wp\/v2\/categories?post=130151"},{"taxonomy":"post_tag","embeddable":true,"href":"https:\/\/nvnoticias.mx\/index.php\/wp-json\/wp\/v2\/tags?post=130151"}],"curies":[{"name":"wp","href":"https:\/\/api.w.org\/{rel}","templated":true}]}}