{"id":130028,"date":"2023-11-21T16:24:50","date_gmt":"2023-11-21T22:24:50","guid":{"rendered":"https:\/\/nvnoticias.mx\/?p=130028"},"modified":"2023-11-21T16:24:52","modified_gmt":"2023-11-21T22:24:52","slug":"despiden-a-melissa-barrera-de-scream-tras-apoyo-a-palestina","status":"publish","type":"post","link":"https:\/\/nvnoticias.mx\/index.php\/2023\/11\/21\/despiden-a-melissa-barrera-de-scream-tras-apoyo-a-palestina\/","title":{"rendered":"Despiden a Melissa Barrera de Scream tras apoyo a Palestina"},"content":{"rendered":"\n<p><strong>Melissa Barrera<\/strong>, protagonista de la saga\u00a0<strong>Scream<\/strong>\u00a0tras las dos \u00faltimas entregas en 2022 y 2023, que supusieron un reboot o &#8220;recuela&#8221; de la franquicia, ha sido despedida y no participar\u00e1 en la secuela,\u00a0<em><strong>Scream 7<\/strong><\/em>.<\/p>\n\n\n\n<p>La raz\u00f3n de que la productora Spyglass haya decidido prescindir de ella es el apoyo p\u00fablico que Barrera ha dado al pueblo palestino en la guerra con Israel,&nbsp;<strong>refiri\u00e9ndose a Israel como &#8220;colonizadores&#8221;<\/strong>.<\/p>\n\n\n\n<p>Seg\u00fan fuentes de Variety y\u00a0SlashFilm, la raz\u00f3n del despido de Barrera<strong>\u00a0no fue su apoyo al pueblo palestino<\/strong>, sino por\u00a0<strong>&#8220;cruzar una l\u00ednea al antisemitismo&#8221;<\/strong>, y en palabras de Variety, &#8220;reincidir en el t\u00f3pico antisemita de que los jud\u00edos controlan los medios de comunicaci\u00f3n&#8221;.<\/p>\n\n\n\n<p>Seg\u00fan fuentes de SlashFilm, prescindir del personaje de Barrera no estaba previsto en el plan original de la pel\u00edcula. Ella era la protagonista de las dos \u00faltimas pel\u00edculas junto a\u00a0Jenna Ortega, interpretando a dos hermanas en la ficci\u00f3n.<\/p>\n\n\n\n<p><em>Scream 7<\/em>\u00a0sigue adelante con un nuevo director,\u00a0<strong>Christopher Landon<\/strong>, tras la marcha de los anteriores, Matt Bettinelli-Olpin y Tyler Gillet (Radio Silence). Sea cual sea su trama, va a ser dif\u00edcil justificar la ausencia del personaje de Barrera, que interpretaba a<strong>\u00a0Sam Carpenter<\/strong>, hija de Billy Loomis, el villano de la primera entrega.<\/p>\n\n\n\n<p><em><strong>Scream VI<\/strong><\/em>\u00a0ya tuvo una importante baja, la de\u00a0<strong>Neve Campbell<\/strong>\u00a0como Sidney Prescott, protagonista de todas las entregas de la saga, que rechaz\u00f3 volver debido a no estar conforme con su salario. Veremos si\u00a0<em><strong>Scream VII<\/strong><\/em>\u00a0consigue reencauzarse al despedir a\u00a0<strong>Melissa Barrera<\/strong>, una de las actrices que, con un mill\u00f3n de seguidores, m\u00e1s est\u00e1 alzando la voz ante el genocidio en la franja de Gaza.<\/p>\n\n\n\n<p>Fuente: <a href=\"https:\/\/www.hobbyconsolas.com\/noticias\/melissa-barrera-ha-sido-despedida-saga-scream-comentarios-israel-1339306\" data-type=\"URL\" data-id=\"https:\/\/www.hobbyconsolas.com\/noticias\/melissa-barrera-ha-sido-despedida-saga-scream-comentarios-israel-1339306\">Hobbyconsolas<\/a><\/p>\n","protected":false},"excerpt":{"rendered":"<p>Melissa Barrera, protagonista de la saga\u00a0Scream\u00a0tras las dos \u00faltimas entregas en 2022 y 2023, que supusieron un reboot o &#8220;recuela&#8221; de la franquicia, ha sido despedida y no participar\u00e1 en la secuela,\u00a0Scream 7. La raz\u00f3n de que la productora Spyglass haya decidido prescindir de ella es el apoyo p\u00fablico que Barrera ha dado al pueblo [&hellip;]<\/p>\n","protected":false},"author":35,"featured_media":130035,"comment_status":"open","ping_status":"open","sticky":false,"template":"","format":"standard","meta":{"_monsterinsights_skip_tracking":false,"_monsterinsights_sitenote_active":false,"_monsterinsights_sitenote_note":"","_monsterinsights_sitenote_category":0,"footnotes":""},"categories":[576],"tags":[410,17193,23705,11061,6339],"class_list":["post-130028","post","type-post","status-publish","format-standard","has-post-thumbnail","hentry","category-ocio","tag-apoyo","tag-despiden","tag-melissa-barrera","tag-palestina","tag-scream","wp-image-borders"],"amp_enabled":true,"_links":{"self":[{"href":"https:\/\/nvnoticias.mx\/index.php\/wp-json\/wp\/v2\/posts\/130028","targetHints":{"allow":["GET"]}}],"collection":[{"href":"https:\/\/nvnoticias.mx\/index.php\/wp-json\/wp\/v2\/posts"}],"about":[{"href":"https:\/\/nvnoticias.mx\/index.php\/wp-json\/wp\/v2\/types\/post"}],"author":[{"embeddable":true,"href":"https:\/\/nvnoticias.mx\/index.php\/wp-json\/wp\/v2\/users\/35"}],"replies":[{"embeddable":true,"href":"https:\/\/nvnoticias.mx\/index.php\/wp-json\/wp\/v2\/comments?post=130028"}],"version-history":[{"count":6,"href":"https:\/\/nvnoticias.mx\/index.php\/wp-json\/wp\/v2\/posts\/130028\/revisions"}],"predecessor-version":[{"id":130034,"href":"https:\/\/nvnoticias.mx\/index.php\/wp-json\/wp\/v2\/posts\/130028\/revisions\/130034"}],"wp:featuredmedia":[{"embeddable":true,"href":"https:\/\/nvnoticias.mx\/index.php\/wp-json\/wp\/v2\/media\/130035"}],"wp:attachment":[{"href":"https:\/\/nvnoticias.mx\/index.php\/wp-json\/wp\/v2\/media?parent=130028"}],"wp:term":[{"taxonomy":"category","embeddable":true,"href":"https:\/\/nvnoticias.mx\/index.php\/wp-json\/wp\/v2\/categories?post=130028"},{"taxonomy":"post_tag","embeddable":true,"href":"https:\/\/nvnoticias.mx\/index.php\/wp-json\/wp\/v2\/tags?post=130028"}],"curies":[{"name":"wp","href":"https:\/\/api.w.org\/{rel}","templated":true}]}}