{"id":129975,"date":"2023-11-21T12:17:14","date_gmt":"2023-11-21T18:17:14","guid":{"rendered":"https:\/\/nvnoticias.mx\/?p=129975"},"modified":"2023-11-21T12:17:14","modified_gmt":"2023-11-21T18:17:14","slug":"los-festejos-de-los-100-anos-del-carnaval-de-veracruz-seran-en-verano","status":"publish","type":"post","link":"https:\/\/nvnoticias.mx\/index.php\/2023\/11\/21\/los-festejos-de-los-100-anos-del-carnaval-de-veracruz-seran-en-verano\/","title":{"rendered":"Los festejos de los 100 a\u00f1os del Carnaval de Veracruz ser\u00e1n en verano"},"content":{"rendered":"\n<p><strong>Jes\u00fas Utrilla \/ NV Noticias <\/strong><\/p>\n\n\n\n<p>En el verano de 2024, Veracruz celebrar\u00e1 el centenario del Carnaval, seg\u00fan anunci\u00f3 la alcaldesa Patricia Lobeira Rodr\u00edguez. <\/p>\n\n\n\n<p>Por tercera vez consecutiva, el evento se llevar\u00e1 a cabo en esta estaci\u00f3n, con meses de preparaci\u00f3n ya invertidos en su organizaci\u00f3n.<\/p>\n\n\n\n<p>Las festividades carnavalescas durante el verano se eligen por los resultados positivos, atrayendo turistas y benefici\u00e1ndose del clima favorable entre junio y julio.<\/p>\n\n\n\n<blockquote class=\"wp-block-quote is-layout-flow wp-block-quote-is-layout-flow\"><p><em>&#8220;El carnaval regresa en verano para conmemorar sus 100 a\u00f1os. Iniciamos la planificaci\u00f3n justo despu\u00e9s del Carnaval 2023. Estamos inmersos en la producci\u00f3n, prometiendo un carnaval inolvidable en este a\u00f1o tan especial&#8221;, <\/em>declar\u00f3 la alcaldesa<em>.<\/em><\/p><\/blockquote>\n\n\n\n<p>Confirm\u00f3 que solo se realizar\u00e1n desfiles por la tarde. <\/p>\n\n\n\n<p>Por otro lado mencion\u00f3 que la inauguraci\u00f3n de la rehabilitaci\u00f3n del Parque Zamora ser\u00e1 a finales de semana o el lunes ya que el acto protocololario se aplaz\u00f3 por el evento de norte.<\/p>\n\n\n\n<blockquote class=\"wp-block-quote is-layout-flow wp-block-quote-is-layout-flow\"><p><em>\u201cJustamente hoy pero debido al norte no podr\u00e1 efectuarse pero a finales de semana o el lunes podr\u00e1 inaugurarse ya son detalles los que nos faltan. Ya casi est\u00e1 lista, estamos en los detalles finales\u201d.<\/em><\/p><\/blockquote>\n\n\n\n<p>Mientras tanto, la alcaldesa dio el banderazo de inicio del recorrido de la &#8220;Ruta de la Insurgencia 2023&#8221;, premiando a 160 ni\u00f1os destacados por la Instituci\u00f3n de la Superaci\u00f3n Ciudadana.<\/p>\n\n\n\n<p>El recorrido comenz\u00f3 en la avenida Independencia, donde la alcaldesa destac\u00f3 la tenacidad y disciplina de estos ni\u00f1os en sus estudios.<\/p>\n","protected":false},"excerpt":{"rendered":"<p>Jes\u00fas Utrilla \/ NV Noticias En el verano de 2024, Veracruz celebrar\u00e1 el centenario del Carnaval, seg\u00fan anunci\u00f3 la alcaldesa Patricia Lobeira Rodr\u00edguez. Por tercera vez consecutiva, el evento se llevar\u00e1 a cabo en esta estaci\u00f3n, con meses de preparaci\u00f3n ya invertidos en su organizaci\u00f3n. Las festividades carnavalescas durante el verano se eligen por los [&hellip;]<\/p>\n","protected":false},"author":8,"featured_media":62152,"comment_status":"open","ping_status":"open","sticky":false,"template":"","format":"standard","meta":{"_monsterinsights_skip_tracking":false,"_monsterinsights_sitenote_active":false,"_monsterinsights_sitenote_note":"","_monsterinsights_sitenote_category":0,"footnotes":""},"categories":[154],"tags":[21894,1138],"class_list":["post-129975","post","type-post","status-publish","format-standard","has-post-thumbnail","hentry","category-veracruz","tag-100-anos","tag-carnaval-de-veracruz","wp-image-borders"],"amp_enabled":true,"_links":{"self":[{"href":"https:\/\/nvnoticias.mx\/index.php\/wp-json\/wp\/v2\/posts\/129975","targetHints":{"allow":["GET"]}}],"collection":[{"href":"https:\/\/nvnoticias.mx\/index.php\/wp-json\/wp\/v2\/posts"}],"about":[{"href":"https:\/\/nvnoticias.mx\/index.php\/wp-json\/wp\/v2\/types\/post"}],"author":[{"embeddable":true,"href":"https:\/\/nvnoticias.mx\/index.php\/wp-json\/wp\/v2\/users\/8"}],"replies":[{"embeddable":true,"href":"https:\/\/nvnoticias.mx\/index.php\/wp-json\/wp\/v2\/comments?post=129975"}],"version-history":[{"count":1,"href":"https:\/\/nvnoticias.mx\/index.php\/wp-json\/wp\/v2\/posts\/129975\/revisions"}],"predecessor-version":[{"id":129976,"href":"https:\/\/nvnoticias.mx\/index.php\/wp-json\/wp\/v2\/posts\/129975\/revisions\/129976"}],"wp:featuredmedia":[{"embeddable":true,"href":"https:\/\/nvnoticias.mx\/index.php\/wp-json\/wp\/v2\/media\/62152"}],"wp:attachment":[{"href":"https:\/\/nvnoticias.mx\/index.php\/wp-json\/wp\/v2\/media?parent=129975"}],"wp:term":[{"taxonomy":"category","embeddable":true,"href":"https:\/\/nvnoticias.mx\/index.php\/wp-json\/wp\/v2\/categories?post=129975"},{"taxonomy":"post_tag","embeddable":true,"href":"https:\/\/nvnoticias.mx\/index.php\/wp-json\/wp\/v2\/tags?post=129975"}],"curies":[{"name":"wp","href":"https:\/\/api.w.org\/{rel}","templated":true}]}}