{"id":129968,"date":"2023-11-21T10:34:01","date_gmt":"2023-11-21T16:34:01","guid":{"rendered":"https:\/\/nvnoticias.mx\/?p=129968"},"modified":"2023-11-21T10:34:02","modified_gmt":"2023-11-21T16:34:02","slug":"comienza-el-viaje-de-la-ruta-de-la-insurgencia","status":"publish","type":"post","link":"https:\/\/nvnoticias.mx\/index.php\/2023\/11\/21\/comienza-el-viaje-de-la-ruta-de-la-insurgencia\/","title":{"rendered":"Comienza el viaje de la Ruta de la Insurgencia"},"content":{"rendered":"\n<p><strong>Jes\u00fas Utrilla \/ NV Noticias <\/strong><\/p>\n\n\n\n<p>En reconocimiento a los sobresalientes logros acad\u00e9micos, 160 estudiantes emprendieron el viaje de la &#8220;Ruta de la Insurgencia&#8221;.<\/p>\n\n\n\n<p>Financiado por el Instituto de la Superaci\u00f3n Ciudadana, este recorrido de ocho d\u00edas busca inspirar a los j\u00f3venes brillantes a seguir super\u00e1ndose diariamente. <\/p>\n\n\n\n<p>Acompa\u00f1ados por dos maestros por cami\u00f3n, con presencia m\u00e9dica y patrullas, los alumnos visitar\u00e1n ciudades clave del movimiento independentista, como Xalapa, Ciudad de M\u00e9xico, Guanajuato, San Miguel Allende, Dores Hidalgo y C\u00f3rdoba. <\/p>\n\n\n\n<p>Grupo ADO y Autobuses de Oriente respaldan este viaje, cubriendo los gastos de transporte, alimentaci\u00f3n y alojamiento para aquellos que destacaron en sus seis a\u00f1os de educaci\u00f3n primaria.<\/p>\n\n\n\n<p>El gasto de transporte, alimentaci\u00f3n y alojamiento es cubierto por Grupo ADO a los alumnos que alcanzaron mayor calificaci\u00f3n durante los seis a\u00f1os de primaria.<\/p>\n\n\n\n<p>Autobuses de Oriente cada a\u00f1o solventa los gastos entre hoteles y transporte.<\/p>\n\n\n\n<p>Los ni\u00f1os visitar\u00e1n Xalapa, Ciudad de M\u00e9xico, Guanajuato, San Miguel Allende, Dores Hidalgo y C\u00f3rdoba. Cabe recordar que en 2020 y 2021 no hubo viaje por la pandemia.<\/p>\n","protected":false},"excerpt":{"rendered":"<p>Jes\u00fas Utrilla \/ NV Noticias En reconocimiento a los sobresalientes logros acad\u00e9micos, 160 estudiantes emprendieron el viaje de la &#8220;Ruta de la Insurgencia&#8221;. Financiado por el Instituto de la Superaci\u00f3n Ciudadana, este recorrido de ocho d\u00edas busca inspirar a los j\u00f3venes brillantes a seguir super\u00e1ndose diariamente. Acompa\u00f1ados por dos maestros por cami\u00f3n, con presencia m\u00e9dica [&hellip;]<\/p>\n","protected":false},"author":8,"featured_media":129972,"comment_status":"open","ping_status":"open","sticky":false,"template":"","format":"standard","meta":{"_monsterinsights_skip_tracking":false,"_monsterinsights_sitenote_active":false,"_monsterinsights_sitenote_note":"","_monsterinsights_sitenote_category":0,"footnotes":""},"categories":[154],"tags":[6590,180],"class_list":["post-129968","post","type-post","status-publish","format-standard","has-post-thumbnail","hentry","category-veracruz","tag-ruta-de-la-insurgencia","tag-veracruz","wp-image-borders"],"amp_enabled":true,"_links":{"self":[{"href":"https:\/\/nvnoticias.mx\/index.php\/wp-json\/wp\/v2\/posts\/129968","targetHints":{"allow":["GET"]}}],"collection":[{"href":"https:\/\/nvnoticias.mx\/index.php\/wp-json\/wp\/v2\/posts"}],"about":[{"href":"https:\/\/nvnoticias.mx\/index.php\/wp-json\/wp\/v2\/types\/post"}],"author":[{"embeddable":true,"href":"https:\/\/nvnoticias.mx\/index.php\/wp-json\/wp\/v2\/users\/8"}],"replies":[{"embeddable":true,"href":"https:\/\/nvnoticias.mx\/index.php\/wp-json\/wp\/v2\/comments?post=129968"}],"version-history":[{"count":1,"href":"https:\/\/nvnoticias.mx\/index.php\/wp-json\/wp\/v2\/posts\/129968\/revisions"}],"predecessor-version":[{"id":129973,"href":"https:\/\/nvnoticias.mx\/index.php\/wp-json\/wp\/v2\/posts\/129968\/revisions\/129973"}],"wp:featuredmedia":[{"embeddable":true,"href":"https:\/\/nvnoticias.mx\/index.php\/wp-json\/wp\/v2\/media\/129972"}],"wp:attachment":[{"href":"https:\/\/nvnoticias.mx\/index.php\/wp-json\/wp\/v2\/media?parent=129968"}],"wp:term":[{"taxonomy":"category","embeddable":true,"href":"https:\/\/nvnoticias.mx\/index.php\/wp-json\/wp\/v2\/categories?post=129968"},{"taxonomy":"post_tag","embeddable":true,"href":"https:\/\/nvnoticias.mx\/index.php\/wp-json\/wp\/v2\/tags?post=129968"}],"curies":[{"name":"wp","href":"https:\/\/api.w.org\/{rel}","templated":true}]}}