{"id":129910,"date":"2023-11-20T14:45:30","date_gmt":"2023-11-20T20:45:30","guid":{"rendered":"https:\/\/nvnoticias.mx\/?p=129910"},"modified":"2023-11-20T14:45:31","modified_gmt":"2023-11-20T20:45:31","slug":"desmiente-el-pt-fracturas-de-la-coalicion-sigamos-haciendo-historia","status":"publish","type":"post","link":"https:\/\/nvnoticias.mx\/index.php\/2023\/11\/20\/desmiente-el-pt-fracturas-de-la-coalicion-sigamos-haciendo-historia\/","title":{"rendered":"Desmiente el PT fracturas de la Coalici\u00f3n Sigamos Haciendo Historia"},"content":{"rendered":"\n<p><br><strong>Jes\u00fas Utrilla | NV Noticias <\/strong><\/p>\n\n\n\n<p>Alberto Anaya, dirigente nacional del Partido del Trabajo (PT), destac\u00f3 la fortaleza de la Coalici\u00f3n Sigamos Haciendo Historia, desmintiendo las previsiones de fracturas internas. En el inicio de la precampa\u00f1a de Claudia Sheinbaum Pardo, en Boca del R\u00edo, resalt\u00f3 que los adversarios erraron al pensar que Marcelo Ebrard abandonar\u00eda la coalici\u00f3n, subrayando que con la inclusi\u00f3n de Sheinbaum se asegura la equidad de g\u00e9nero.<\/p>\n\n\n\n<p>Anaya acus\u00f3 a los presidentes neoliberales de gestar una &#8220;f\u00e1brica de pobres&#8221; en el pa\u00eds y argument\u00f3 que se necesitan al menos 24 a\u00f1os para remediar las afectaciones en M\u00e9xico.<\/p>\n\n\n\n<blockquote class=\"wp-block-quote is-layout-flow wp-block-quote-is-layout-flow\"><p>\u201cSi los conservadores pensaban que habr\u00eda fracturas en las filas que han respaldado al presidente L\u00f3pez Obrador, se equivocaron, porque vamos juntos. Quienes pensaron que Marcelo abandonar\u00eda la Coalici\u00f3n Sigamos Haciendo Historia y provocar\u00eda fracturas, se equivocaron\u201d.<\/p><\/blockquote>\n\n\n\n<p>Enfatiz\u00f3 la trayectoria probada de Claudia Sheinbaum Pardo, quien ha acompa\u00f1ado al presidente L\u00f3pez Obrador durante 30 a\u00f1os, asegurando que mantendr\u00e1 la estabilidad macroecon\u00f3mica y los programas sociales en el pa\u00eds. Anaya afirm\u00f3 que Sheinbaum dar\u00e1 continuidad al proyecto del presidente L\u00f3pez Obrador y expres\u00f3 el deseo de que en 2024 sea la pr\u00f3xima presidenta de M\u00e9xico.<\/p>\n\n\n\n<blockquote class=\"wp-block-quote is-layout-flow wp-block-quote-is-layout-flow\"><p>\u201cElla es nuestra abanderada y ayer se le nombr\u00f3 precandidata \u00fanica de la coalici\u00f3n de Morena-PT-PVEM. Queremos que en 2024 sea la pr\u00f3xima presidenta del pa\u00eds. La coalici\u00f3n, con su candidata, mejorar\u00e1 las condiciones del pa\u00eds y seguramente conservar\u00e1 la Presidencia de la Rep\u00fablica\u201d, concluy\u00f3.<\/p><\/blockquote>\n","protected":false},"excerpt":{"rendered":"<p>Jes\u00fas Utrilla | NV Noticias Alberto Anaya, dirigente nacional del Partido del Trabajo (PT), destac\u00f3 la fortaleza de la Coalici\u00f3n Sigamos Haciendo Historia, desmintiendo las previsiones de fracturas internas. En el inicio de la precampa\u00f1a de Claudia Sheinbaum Pardo, en Boca del R\u00edo, resalt\u00f3 que los adversarios erraron al pensar que Marcelo Ebrard abandonar\u00eda la [&hellip;]<\/p>\n","protected":false},"author":6,"featured_media":129911,"comment_status":"open","ping_status":"open","sticky":false,"template":"","format":"standard","meta":{"_monsterinsights_skip_tracking":false,"_monsterinsights_sitenote_active":false,"_monsterinsights_sitenote_note":"","_monsterinsights_sitenote_category":0,"footnotes":""},"categories":[154],"tags":[345,180],"class_list":["post-129910","post","type-post","status-publish","format-standard","has-post-thumbnail","hentry","category-veracruz","tag-pt","tag-veracruz","wp-image-borders"],"amp_enabled":true,"_links":{"self":[{"href":"https:\/\/nvnoticias.mx\/index.php\/wp-json\/wp\/v2\/posts\/129910","targetHints":{"allow":["GET"]}}],"collection":[{"href":"https:\/\/nvnoticias.mx\/index.php\/wp-json\/wp\/v2\/posts"}],"about":[{"href":"https:\/\/nvnoticias.mx\/index.php\/wp-json\/wp\/v2\/types\/post"}],"author":[{"embeddable":true,"href":"https:\/\/nvnoticias.mx\/index.php\/wp-json\/wp\/v2\/users\/6"}],"replies":[{"embeddable":true,"href":"https:\/\/nvnoticias.mx\/index.php\/wp-json\/wp\/v2\/comments?post=129910"}],"version-history":[{"count":1,"href":"https:\/\/nvnoticias.mx\/index.php\/wp-json\/wp\/v2\/posts\/129910\/revisions"}],"predecessor-version":[{"id":129912,"href":"https:\/\/nvnoticias.mx\/index.php\/wp-json\/wp\/v2\/posts\/129910\/revisions\/129912"}],"wp:featuredmedia":[{"embeddable":true,"href":"https:\/\/nvnoticias.mx\/index.php\/wp-json\/wp\/v2\/media\/129911"}],"wp:attachment":[{"href":"https:\/\/nvnoticias.mx\/index.php\/wp-json\/wp\/v2\/media?parent=129910"}],"wp:term":[{"taxonomy":"category","embeddable":true,"href":"https:\/\/nvnoticias.mx\/index.php\/wp-json\/wp\/v2\/categories?post=129910"},{"taxonomy":"post_tag","embeddable":true,"href":"https:\/\/nvnoticias.mx\/index.php\/wp-json\/wp\/v2\/tags?post=129910"}],"curies":[{"name":"wp","href":"https:\/\/api.w.org\/{rel}","templated":true}]}}