{"id":129840,"date":"2023-11-20T11:32:09","date_gmt":"2023-11-20T17:32:09","guid":{"rendered":"https:\/\/nvnoticias.mx\/?p=129840"},"modified":"2023-11-20T11:32:10","modified_gmt":"2023-11-20T17:32:10","slug":"en-plaza-de-la-soberania-realizan-ceremonia-conmemorativa-del-aniversario-de-la-revolucion-mexicana","status":"publish","type":"post","link":"https:\/\/nvnoticias.mx\/index.php\/2023\/11\/20\/en-plaza-de-la-soberania-realizan-ceremonia-conmemorativa-del-aniversario-de-la-revolucion-mexicana\/","title":{"rendered":"En Plaza de la Soberan\u00eda, realizan ceremonia conmemorativa del aniversario de la Revoluci\u00f3n Mexicana"},"content":{"rendered":"\n<p><strong>Jes\u00fas Utrilla \/ NV Noticias<\/strong><\/p>\n\n\n\n<p>En Plaza de la Soberan\u00eda, en la ciudad de Veracruz llevaron a cabo la ceremonia conmemorativa del aniversario de la Revoluci\u00f3n Mexicana.<\/p>\n\n\n\n<p>Con la presencia de autoridades c\u00edvicas, navales y militares se realiz\u00f3 la ceremonia conmemorativa al 123 aniversario, en este lunes 20 de noviembre.<\/p>\n\n\n\n<p>Acudieron autoridades del Ayuntamiento de Veracruz as\u00ed como de las Fuerzas Armadas, como representantes la Tercera Regi\u00f3n Naval, del 83 Batall\u00f3n de Infanter\u00eda; regidores, personal de bomberos y de protecci\u00f3n civil.<\/p>\n\n\n\n<p>No hubo discurso oficial, s\u00f3lo se iz\u00f3 la bandera de M\u00e9xico en la plaza que se ubica en el bulevar Manuel \u00c1vila Camacho casi esquina Sim\u00f3n Bol\u00edvar, pero a las 10:30 de la ma\u00f1ana ya la hab\u00edan bajado.<\/p>\n\n\n\n<p>Hoy, M\u00e9xico conmemora el aniversario de la Revoluci\u00f3n Mexicana, un hito que marc\u00f3 el curso de la historia del pa\u00eds. En este d\u00eda, se recuerda el coraje y la determinaci\u00f3n de aquellos que lucharon por la justicia, la equidad y la libertad. <\/p>\n\n\n\n<p>La Revoluci\u00f3n Mexicana, iniciada en 1910, dej\u00f3 un legado de transformaci\u00f3n social y pol\u00edtica que sigue resonando en la identidad nacional. <\/p>\n\n\n\n<p>En actos c\u00edvicos y ceremonias, se rinde homenaje a los h\u00e9roes de este movimiento, destacando la importancia de sus ideales en la construcci\u00f3n de la naci\u00f3n mexicana actual.<\/p>\n","protected":false},"excerpt":{"rendered":"<p>Jes\u00fas Utrilla \/ NV Noticias En Plaza de la Soberan\u00eda, en la ciudad de Veracruz llevaron a cabo la ceremonia conmemorativa del aniversario de la Revoluci\u00f3n Mexicana. Con la presencia de autoridades c\u00edvicas, navales y militares se realiz\u00f3 la ceremonia conmemorativa al 123 aniversario, en este lunes 20 de noviembre. Acudieron autoridades del Ayuntamiento de [&hellip;]<\/p>\n","protected":false},"author":8,"featured_media":129841,"comment_status":"open","ping_status":"open","sticky":false,"template":"","format":"standard","meta":{"_monsterinsights_skip_tracking":false,"_monsterinsights_sitenote_active":false,"_monsterinsights_sitenote_note":"","_monsterinsights_sitenote_category":0,"footnotes":""},"categories":[154],"tags":[1370,6414,180],"class_list":["post-129840","post","type-post","status-publish","format-standard","has-post-thumbnail","hentry","category-veracruz","tag-plaza-de-la-soberania","tag-revolucion-mexicana","tag-veracruz","wp-image-borders"],"amp_enabled":true,"_links":{"self":[{"href":"https:\/\/nvnoticias.mx\/index.php\/wp-json\/wp\/v2\/posts\/129840","targetHints":{"allow":["GET"]}}],"collection":[{"href":"https:\/\/nvnoticias.mx\/index.php\/wp-json\/wp\/v2\/posts"}],"about":[{"href":"https:\/\/nvnoticias.mx\/index.php\/wp-json\/wp\/v2\/types\/post"}],"author":[{"embeddable":true,"href":"https:\/\/nvnoticias.mx\/index.php\/wp-json\/wp\/v2\/users\/8"}],"replies":[{"embeddable":true,"href":"https:\/\/nvnoticias.mx\/index.php\/wp-json\/wp\/v2\/comments?post=129840"}],"version-history":[{"count":1,"href":"https:\/\/nvnoticias.mx\/index.php\/wp-json\/wp\/v2\/posts\/129840\/revisions"}],"predecessor-version":[{"id":129842,"href":"https:\/\/nvnoticias.mx\/index.php\/wp-json\/wp\/v2\/posts\/129840\/revisions\/129842"}],"wp:featuredmedia":[{"embeddable":true,"href":"https:\/\/nvnoticias.mx\/index.php\/wp-json\/wp\/v2\/media\/129841"}],"wp:attachment":[{"href":"https:\/\/nvnoticias.mx\/index.php\/wp-json\/wp\/v2\/media?parent=129840"}],"wp:term":[{"taxonomy":"category","embeddable":true,"href":"https:\/\/nvnoticias.mx\/index.php\/wp-json\/wp\/v2\/categories?post=129840"},{"taxonomy":"post_tag","embeddable":true,"href":"https:\/\/nvnoticias.mx\/index.php\/wp-json\/wp\/v2\/tags?post=129840"}],"curies":[{"name":"wp","href":"https:\/\/api.w.org\/{rel}","templated":true}]}}