{"id":12983,"date":"2021-05-11T13:16:26","date_gmt":"2021-05-11T18:16:26","guid":{"rendered":"https:\/\/nvnoticias.mx\/?p=12983"},"modified":"2021-05-11T13:20:21","modified_gmt":"2021-05-11T18:20:21","slug":"esteban-morales-y-la-educacion-en-veracruz","status":"publish","type":"post","link":"https:\/\/nvnoticias.mx\/index.php\/2021\/05\/11\/esteban-morales-y-la-educacion-en-veracruz\/","title":{"rendered":"Esteban Morales y la educaci\u00f3n en Veracruz"},"content":{"rendered":"\n<p><strong>Por: Miguel\u00a0 Salvador Rodr\u00edguez Azueta \/ FUNDACROVER<\/strong><\/p>\n\n\n\n<p>Gracias al libro \u201cHistoria Ilustre de un Instituto\u201d de Roberto Luis Prado (1982) podemos conocer que los antecedentes del sistema educativo veracruzano nacen despu\u00e9s de consumada la independencia. En 1823 &nbsp;un grupo de veracruzanos ilustres plantea la idea de crear un instituto educativo veracruzano, en 1843 se expide el decreto de creaci\u00f3n del instituto de ense\u00f1anza docente,&nbsp; pero no es sino despu\u00e9s de diez a\u00f1os que comienza a funcionar el Instituto Educativo en el inmueble del ex convento San Francisco, posteriormente el Instituto se traslada a la misma avenida Morelos, en lo que fue la Aduana Quemada.<\/p>\n\n\n\n<p>Gracias al inter\u00e9s y apoyo del general Antonio L\u00f3pez de Santa &nbsp;Anna, en 1854 reinicia labores el Instituto, ahora en su nueva direcci\u00f3n en la Casa de la Proveedur\u00eda, ubicada en las calles de Condesa y Playa,&nbsp; hoy Esteban Morales y Landero y Cos.<\/p>\n\n\n\n<p>Debido a la revoluci\u00f3n de Ayutla, el instituto suspende sus labores y reinicia en 1857 durante la guerra de Reforma y de nueva cuenta la guerra de intervenci\u00f3n y el imperio van a ocasionar la suspensi\u00f3n de actividades y no ser\u00e1 hasta el a\u00f1o &nbsp;1870 que reinicie labores el Instituto Veracruzano conocido como el Colegio Preparatorio, orgullo de nuestra ciudad.<\/p>\n\n\n\n<p>Uno de sus fundadores fue Esteban Morales, quien naci\u00f3 en 1829 en Toledo, Espa\u00f1a, trasladado desde peque\u00f1o a la isla de Cuba, donde curs\u00f3 sus primeros estudios y posteriormente en su juventud fue enviado a Francia. En Paris fue alumno de V\u00edctor Hugo. Lleg\u00f3 en 1855 a Veracruz a fundar una escuela con un grupo de pedagogos.<\/p>\n\n\n\n<p>A pesar del estado de guerra y crisis que se viv\u00eda en esa \u00e9poca, don Esteban Morales permaneci\u00f3 en el puerto, por sus convicciones liberales, apoyando al grupo juarista, de hecho durante la estancia del Benem\u00e9rito en este ciudad, le fue de gran apoyo como su secretario privado, y no s\u00f3lo eso durante el Imperio estuvo a punto de ser fusilado en dos ocasiones.<\/p>\n\n\n\n<p>Hombre de una talento y memoria&nbsp; sin igual,&nbsp; poliglota,&nbsp; dedic\u00f3 si vida a fomentar la educaci\u00f3n y tuvo la visi\u00f3n de convocar a un gran Congreso Pedag\u00f3gico Nacional en 1870 para unificar criterios de&nbsp; planes de estudios.<\/p>\n\n\n\n<p>Miembro distinguido de la Logia Esperanza N\u00b02, de la GLUM,\u00a0 Esteban Morales, falleci\u00f3 y fue enterrado en esta ciudad en 1908, descansan sus restos en el cementerio particular Veracruzano.<\/p>\n\n\n\n<p>@miguel_salvador<\/p>\n","protected":false},"excerpt":{"rendered":"<p>Por: Miguel\u00a0 Salvador Rodr\u00edguez Azueta \/ FUNDACROVER Gracias al libro \u201cHistoria Ilustre de un Instituto\u201d de Roberto Luis Prado (1982) podemos conocer que los antecedentes del sistema educativo veracruzano nacen despu\u00e9s de consumada la independencia. En 1823 &nbsp;un grupo de veracruzanos ilustres plantea la idea de crear un instituto educativo veracruzano, en 1843 se expide [&hellip;]<\/p>\n","protected":false},"author":30,"featured_media":12990,"comment_status":"open","ping_status":"open","sticky":false,"template":"","format":"standard","meta":{"_monsterinsights_skip_tracking":false,"_monsterinsights_sitenote_active":false,"_monsterinsights_sitenote_note":"","_monsterinsights_sitenote_category":0,"footnotes":""},"categories":[332],"tags":[333],"class_list":["post-12983","post","type-post","status-publish","format-standard","has-post-thumbnail","hentry","category-veracruz-en-la-cultura","tag-miguel-salvador-rodriguez-azueta","wp-image-borders"],"amp_enabled":true,"_links":{"self":[{"href":"https:\/\/nvnoticias.mx\/index.php\/wp-json\/wp\/v2\/posts\/12983","targetHints":{"allow":["GET"]}}],"collection":[{"href":"https:\/\/nvnoticias.mx\/index.php\/wp-json\/wp\/v2\/posts"}],"about":[{"href":"https:\/\/nvnoticias.mx\/index.php\/wp-json\/wp\/v2\/types\/post"}],"author":[{"embeddable":true,"href":"https:\/\/nvnoticias.mx\/index.php\/wp-json\/wp\/v2\/users\/30"}],"replies":[{"embeddable":true,"href":"https:\/\/nvnoticias.mx\/index.php\/wp-json\/wp\/v2\/comments?post=12983"}],"version-history":[{"count":2,"href":"https:\/\/nvnoticias.mx\/index.php\/wp-json\/wp\/v2\/posts\/12983\/revisions"}],"predecessor-version":[{"id":12992,"href":"https:\/\/nvnoticias.mx\/index.php\/wp-json\/wp\/v2\/posts\/12983\/revisions\/12992"}],"wp:featuredmedia":[{"embeddable":true,"href":"https:\/\/nvnoticias.mx\/index.php\/wp-json\/wp\/v2\/media\/12990"}],"wp:attachment":[{"href":"https:\/\/nvnoticias.mx\/index.php\/wp-json\/wp\/v2\/media?parent=12983"}],"wp:term":[{"taxonomy":"category","embeddable":true,"href":"https:\/\/nvnoticias.mx\/index.php\/wp-json\/wp\/v2\/categories?post=12983"},{"taxonomy":"post_tag","embeddable":true,"href":"https:\/\/nvnoticias.mx\/index.php\/wp-json\/wp\/v2\/tags?post=12983"}],"curies":[{"name":"wp","href":"https:\/\/api.w.org\/{rel}","templated":true}]}}