{"id":129820,"date":"2023-11-20T11:33:16","date_gmt":"2023-11-20T17:33:16","guid":{"rendered":"https:\/\/nvnoticias.mx\/?p=129820"},"modified":"2023-11-20T11:33:17","modified_gmt":"2023-11-20T17:33:17","slug":"felicita-alicia-barcena-a-argentina-por-jornada-electoral-en-la-que-resulto-electo-javier-milei-como-presidente","status":"publish","type":"post","link":"https:\/\/nvnoticias.mx\/index.php\/2023\/11\/20\/felicita-alicia-barcena-a-argentina-por-jornada-electoral-en-la-que-resulto-electo-javier-milei-como-presidente\/","title":{"rendered":"Felicita Alicia B\u00e1rcena a Argentina por jornada electoral en la que result\u00f3 electo Javier Milei como presidente"},"content":{"rendered":"\n<p><strong>Alicia B\u00e1rcena,&nbsp;<\/strong>Secretaria de Relaciones Exteriores, felicit\u00f3 mediante la red social X, a Argentina por una jornada electoral pac\u00edfica y se\u00f1al\u00f3 que la dependencia est\u00e1 lista para trabajar con el nuevo gobierno.<\/p>\n\n\n\n<p>Tras los comicios que se llevaron a cabo en dicho pa\u00eds, <strong>Javier Milei<\/strong>&nbsp;result\u00f3 electo presidente.<\/p>\n\n\n\n<p>B\u00e1rcena destac\u00f3 que en&nbsp;<strong>Argentina<\/strong>&nbsp;y<strong>&nbsp;M\u00e9xico<\/strong>&nbsp;comparten valores fundamentales como lademocracia, que es el respeto a la voz del pueblo.<\/p>\n\n\n\n<p>Asimismo, B\u00e1rcena recalc\u00f3 que M\u00e9xico estar\u00e1 con el pueblo argentino.<\/p>\n","protected":false},"excerpt":{"rendered":"<p>Alicia B\u00e1rcena,&nbsp;Secretaria de Relaciones Exteriores, felicit\u00f3 mediante la red social X, a Argentina por una jornada electoral pac\u00edfica y se\u00f1al\u00f3 que la dependencia est\u00e1 lista para trabajar con el nuevo gobierno. Tras los comicios que se llevaron a cabo en dicho pa\u00eds, Javier Milei&nbsp;result\u00f3 electo presidente. B\u00e1rcena destac\u00f3 que en&nbsp;Argentina&nbsp;y&nbsp;M\u00e9xico&nbsp;comparten valores fundamentales como lademocracia, que [&hellip;]<\/p>\n","protected":false},"author":35,"featured_media":47811,"comment_status":"open","ping_status":"open","sticky":false,"template":"","format":"standard","meta":{"_monsterinsights_skip_tracking":false,"_monsterinsights_sitenote_active":false,"_monsterinsights_sitenote_note":"","_monsterinsights_sitenote_category":0,"footnotes":""},"categories":[158],"tags":[12723,259,9321,27223,411],"class_list":["post-129820","post","type-post","status-publish","format-standard","has-post-thumbnail","hentry","category-politica","tag-alicia-barcena","tag-argentina","tag-felicita","tag-javier-milei","tag-presidente","wp-image-borders"],"amp_enabled":true,"_links":{"self":[{"href":"https:\/\/nvnoticias.mx\/index.php\/wp-json\/wp\/v2\/posts\/129820","targetHints":{"allow":["GET"]}}],"collection":[{"href":"https:\/\/nvnoticias.mx\/index.php\/wp-json\/wp\/v2\/posts"}],"about":[{"href":"https:\/\/nvnoticias.mx\/index.php\/wp-json\/wp\/v2\/types\/post"}],"author":[{"embeddable":true,"href":"https:\/\/nvnoticias.mx\/index.php\/wp-json\/wp\/v2\/users\/35"}],"replies":[{"embeddable":true,"href":"https:\/\/nvnoticias.mx\/index.php\/wp-json\/wp\/v2\/comments?post=129820"}],"version-history":[{"count":3,"href":"https:\/\/nvnoticias.mx\/index.php\/wp-json\/wp\/v2\/posts\/129820\/revisions"}],"predecessor-version":[{"id":129843,"href":"https:\/\/nvnoticias.mx\/index.php\/wp-json\/wp\/v2\/posts\/129820\/revisions\/129843"}],"wp:featuredmedia":[{"embeddable":true,"href":"https:\/\/nvnoticias.mx\/index.php\/wp-json\/wp\/v2\/media\/47811"}],"wp:attachment":[{"href":"https:\/\/nvnoticias.mx\/index.php\/wp-json\/wp\/v2\/media?parent=129820"}],"wp:term":[{"taxonomy":"category","embeddable":true,"href":"https:\/\/nvnoticias.mx\/index.php\/wp-json\/wp\/v2\/categories?post=129820"},{"taxonomy":"post_tag","embeddable":true,"href":"https:\/\/nvnoticias.mx\/index.php\/wp-json\/wp\/v2\/tags?post=129820"}],"curies":[{"name":"wp","href":"https:\/\/api.w.org\/{rel}","templated":true}]}}