{"id":12969,"date":"2021-05-11T11:44:00","date_gmt":"2021-05-11T16:44:00","guid":{"rendered":"https:\/\/nvnoticias.mx\/?p=12969"},"modified":"2021-05-11T11:44:01","modified_gmt":"2021-05-11T16:44:01","slug":"con-los-cambios-efectuados-en-materia-de-outsourcing-podria-generarse-menor-contratacion","status":"publish","type":"post","link":"https:\/\/nvnoticias.mx\/index.php\/2021\/05\/11\/con-los-cambios-efectuados-en-materia-de-outsourcing-podria-generarse-menor-contratacion\/","title":{"rendered":"Con los cambios efectuados en materia de outsourcing podr\u00eda generarse menor contrataci\u00f3n"},"content":{"rendered":"\n<p><strong>Jes\u00fas Utrilla \/ NV Noticias<\/strong> <\/p>\n\n\n\n<p>Con los cambios efectuados en materia de outsourcing podr\u00eda generarse menor contrataci\u00f3n y mayor crecimiento de la informalidad, advirti\u00f3 Eric Manuel Su\u00e1rez M\u00e1rquez, vicepresidente de Salud y Seguridad Social de Concanaco.&nbsp;<\/p>\n\n\n\n<p>Critic\u00f3 que se midiera por igual a las empresas que no cumplen con las que s\u00ed lo hacen, pues las modificaciones debieron aplicar a las compa\u00f1\u00edas que evaden impuestos&nbsp;&nbsp;<\/p>\n\n\n\n<p>Admiti\u00f3 que hab\u00eda abusos en algunas empresas y que grandes compa\u00f1\u00edas incurr\u00edan en evasi\u00f3n de pagos de seguro social o de cuotas de Infonavit.<br>Pero en la reforma se incluy\u00f3 tambi\u00e9n a aquellas empresas cumplidas.&nbsp;<\/p>\n\n\n\n<blockquote class=\"wp-block-quote is-layout-flow wp-block-quote-is-layout-flow\"><p><em>\u201cEs un tema que no deber\u00eda haber entrado en la reforma pero desgraciadamente entr\u00f3 y esto va a frenar muchas contrataciones y nos vamos a meter al mercado informal.\u00a0Midieron con la misma vara. Esto va a disminuir la contrataci\u00f3n legal y esperamos que el efecto negativo no impacte tanto porque el empleo informal va a incrementa\u201d.\u00a0<\/em><\/p><\/blockquote>\n\n\n\n<p>Con el acuerdo entre gobierno, sindicatos y grupos patronales en materia de outsourcing, se contempla la prohibici\u00f3n de la subcontrataci\u00f3n de personal, la regulaci\u00f3n de la subcontrataci\u00f3n de servicios especializados distintos del objeto social y de la actividad econ\u00f3mica preponderante de la empresa contratante.<\/p>\n\n\n\n<p>El registro ante la STPS y la inscripci\u00f3n al padr\u00f3n p\u00fablico de las empresas de subcontrataci\u00f3n de servicios y obras especializados, la responsabilidad solidaria en caso de incumplimiento, y el otorgamiento de un plazo de tres meses para que los trabajadores subcontratados pasen a formar parte de la n\u00f3mina del patr\u00f3n real.\u00a0<\/p>\n","protected":false},"excerpt":{"rendered":"<p>Jes\u00fas Utrilla \/ NV Noticias Con los cambios efectuados en materia de outsourcing podr\u00eda generarse menor contrataci\u00f3n y mayor crecimiento de la informalidad, advirti\u00f3 Eric Manuel Su\u00e1rez M\u00e1rquez, vicepresidente de Salud y Seguridad Social de Concanaco.&nbsp; Critic\u00f3 que se midiera por igual a las empresas que no cumplen con las que s\u00ed lo hacen, pues [&hellip;]<\/p>\n","protected":false},"author":6,"featured_media":12970,"comment_status":"open","ping_status":"open","sticky":false,"template":"","format":"standard","meta":{"_monsterinsights_skip_tracking":false,"_monsterinsights_sitenote_active":false,"_monsterinsights_sitenote_note":"","_monsterinsights_sitenote_category":0,"footnotes":""},"categories":[154],"tags":[3584,495],"class_list":["post-12969","post","type-post","status-publish","format-standard","has-post-thumbnail","hentry","category-veracruz","tag-menor-contratacion","tag-outsourcing","wp-image-borders"],"amp_enabled":true,"_links":{"self":[{"href":"https:\/\/nvnoticias.mx\/index.php\/wp-json\/wp\/v2\/posts\/12969","targetHints":{"allow":["GET"]}}],"collection":[{"href":"https:\/\/nvnoticias.mx\/index.php\/wp-json\/wp\/v2\/posts"}],"about":[{"href":"https:\/\/nvnoticias.mx\/index.php\/wp-json\/wp\/v2\/types\/post"}],"author":[{"embeddable":true,"href":"https:\/\/nvnoticias.mx\/index.php\/wp-json\/wp\/v2\/users\/6"}],"replies":[{"embeddable":true,"href":"https:\/\/nvnoticias.mx\/index.php\/wp-json\/wp\/v2\/comments?post=12969"}],"version-history":[{"count":1,"href":"https:\/\/nvnoticias.mx\/index.php\/wp-json\/wp\/v2\/posts\/12969\/revisions"}],"predecessor-version":[{"id":12971,"href":"https:\/\/nvnoticias.mx\/index.php\/wp-json\/wp\/v2\/posts\/12969\/revisions\/12971"}],"wp:featuredmedia":[{"embeddable":true,"href":"https:\/\/nvnoticias.mx\/index.php\/wp-json\/wp\/v2\/media\/12970"}],"wp:attachment":[{"href":"https:\/\/nvnoticias.mx\/index.php\/wp-json\/wp\/v2\/media?parent=12969"}],"wp:term":[{"taxonomy":"category","embeddable":true,"href":"https:\/\/nvnoticias.mx\/index.php\/wp-json\/wp\/v2\/categories?post=12969"},{"taxonomy":"post_tag","embeddable":true,"href":"https:\/\/nvnoticias.mx\/index.php\/wp-json\/wp\/v2\/tags?post=12969"}],"curies":[{"name":"wp","href":"https:\/\/api.w.org\/{rel}","templated":true}]}}