{"id":129686,"date":"2023-11-18T19:15:18","date_gmt":"2023-11-19T01:15:18","guid":{"rendered":"https:\/\/nvnoticias.mx\/?p=129686"},"modified":"2023-11-18T19:15:19","modified_gmt":"2023-11-19T01:15:19","slug":"tiempo-de-charlatanes","status":"publish","type":"post","link":"https:\/\/nvnoticias.mx\/index.php\/2023\/11\/18\/tiempo-de-charlatanes\/","title":{"rendered":"Tiempo de charlatanes"},"content":{"rendered":"\n<p><strong>Juan Jos\u00e9 Rodr\u00edguez Prats<\/strong><\/p>\n\n\n\n<blockquote class=\"wp-block-quote is-layout-flow wp-block-quote-is-layout-flow\"><p><em>Esos hombres que depend\u00edan del presidente para todo eran un manojo de nervios. El gran poder que ejerc\u00edan iba acompa\u00f1ado del constante temor de ser destruidos.<\/em><\/p><cite><strong>V. S. Naipaul<\/strong><\/cite><\/blockquote>\n\n\n\n<p>Martha Nussbaum relata en&nbsp;<em>La tradici\u00f3n cosmopolita&nbsp;<\/em>que: \u201cUn d\u00eda Di\u00f3genes estaba lavando unas lechugas. Plat\u00f3n se le acerc\u00f3 y le dijo en voz baja: \u2018Si adularas a Dionisio (el infantil e inmortal tirano de Siracusa a quien Plat\u00f3n trataba de instruir), no lavar\u00edas lechugas\u2019. A lo que Di\u00f3genes repuso con voz igualmente queda: \u2018Y si t\u00fa lavaras lechugas, no adular\u00edas a Dionisio\u2019\u201d. Di\u00f3genes cre\u00eda en las virtudes por eso no cesa en su b\u00fasqueda del hombre perfecto. Defiende su dignidad y su honor pagando el precio de hacer trabajos que para muchos no son decorosos. Por su parte, Plat\u00f3n recomienda cierta flexibilidad para adular, lo cual conlleva mentir con el prop\u00f3sito de obtener prebendas.<\/p>\n\n\n\n<p>A esa alternativa nos enfrentamos cotidianamente, sobre todo quienes se dedican a la pol\u00edtica. Una confrontaci\u00f3n entre una \u00e9tica entendida como amor propio, autoestima, congruencia y un oportunismo equivalente a sometimiento, servilismo e ignominia.<\/p>\n\n\n\n<p>Eso es lo que estamos viviendo en M\u00e9xico. La inmensa parafernalia que nos obsequi\u00f3 Morena, la 4T y el presidente L\u00f3pez Obrador es un caso t\u00edpico de un montaje de charlataner\u00eda de b\u00e1rbara degradaci\u00f3n de la condici\u00f3n humana.<\/p>\n\n\n\n<p>El cinco de junio de 2023, fecha trascendente, en una cena con los dirigentes de su partido, L\u00f3pez Obrador ley\u00f3 un documento con las grandes directrices que orientar\u00edan el nuevo sistema pol\u00edtico. La carta de navegaci\u00f3n de la autor\u00eda del propio Presidente fue suscrita por los aspirantes al cargo m\u00e1s importante del Estado y a su vez al acatamiento de una ignominiosa disciplina a cambio de importantes posiciones de poder. Lo mismo sucedi\u00f3 en las candidaturas de los estados.<\/p>\n\n\n\n<p>Se repiti\u00f3 la historia de 1929 cuando Plutarco El\u00edas Calles, para preservar la estabilidad, fij\u00f3 las reglas en la repartici\u00f3n de cargos, con diferencias sustanciales. Ahora ni siquiera con un posicionamiento ideol\u00f3gico ni mecanismos de participaci\u00f3n. S\u00f3lo un principio lac\u00f3nico: aqu\u00ed mando yo y todos me obedecen, el que no lo haga ni siquiera tendr\u00e1 la posibilidad de dedicarse a lavar lechugas.<\/p>\n\n\n\n<p>A partir de entonces vemos casos que ejemplifican las dos posiciones referidas. Exactamente una semana despu\u00e9s, una ciudadana tocaba in\u00fatilmente las puertas de Palacio Nacional para, con la ley en la mano, exigirle a la autoridad la aclaraci\u00f3n de un infundio. Lo dem\u00e1s ya es historia que todos conocemos.<\/p>\n\n\n\n<p>Derivado de lo dicho, estamos obligados a un ejercicio \u00e9tico fundamental: \u00bfcu\u00e1l es la causa material para utilizar el m\u00e9todo aristot\u00e9lico de nuestros males? El fil\u00f3sofo griego afirmaba que no tenemos conocimiento de nada si no comprendemos sus causas y hablaba de cuatro: materia, forma, agente y fin o prop\u00f3sito. La m\u00e1s importante, la primera, se refiere al material que en el caso de la pol\u00edtica somos los seres humanos. Carlos Castillo Peraza, cuando se percataba del bajo nivel de la educaci\u00f3n c\u00edvica, con esa actitud cr\u00edtica que siempre lo acompa\u00f1\u00f3, expresaba de algunos correligionarios panistas: \u201cLa materia prima es la misma\u201d.<\/p>\n\n\n\n<p>S\u00ed, los partidos han devenido en siglas que no dicen nada, sea por ausencia de doctrina o por olvido de la que alguna vez tuvieron. Ya son minor\u00eda quienes han militado en un solo partido. Por buenas o malas razones, ya no se distinguen sus militantes.<\/p>\n\n\n\n<p>Hay un verbo que viene como anillo al dedo: incardinar. Se define como la acci\u00f3n de incorporar a una persona a una instituci\u00f3n de manera que quede vinculado a ella.<\/p>\n\n\n\n<p>Una organizaci\u00f3n de ciudadanos, por sobre las leg\u00edtimas aspiraciones personales o los problemas que pretende solucionar, debe tener un n\u00facleo b\u00e1sico de creencias que le d\u00e9 cohesi\u00f3n. Sin ese requisito, en breve tiempo se disuelve. La historia ofrece sobrados ejemplos.<\/p>\n\n\n\n<p>Si solamente los une el poder que emana de un individuo, en el momento que lo deje de ostentar, la unidad se desvanece. Eso sucedi\u00f3 en el partido que promet\u00eda ser eterno. Los otros deber\u00e1n hacer un esfuerzo doctrinario.<\/p>\n\n\n\n<p><\/p>\n","protected":false},"excerpt":{"rendered":"<p>Juan Jos\u00e9 Rodr\u00edguez Prats Esos hombres que depend\u00edan del presidente para todo eran un manojo de nervios. El gran poder que ejerc\u00edan iba acompa\u00f1ado del constante temor de ser destruidos. V. S. Naipaul Martha Nussbaum relata en&nbsp;La tradici\u00f3n cosmopolita&nbsp;que: \u201cUn d\u00eda Di\u00f3genes estaba lavando unas lechugas. Plat\u00f3n se le acerc\u00f3 y le dijo en voz [&hellip;]<\/p>\n","protected":false},"author":17,"featured_media":129687,"comment_status":"open","ping_status":"open","sticky":false,"template":"","format":"standard","meta":{"_monsterinsights_skip_tracking":false,"_monsterinsights_sitenote_active":false,"_monsterinsights_sitenote_note":"","_monsterinsights_sitenote_category":0,"footnotes":""},"categories":[614],"tags":[397],"class_list":["post-129686","post","type-post","status-publish","format-standard","has-post-thumbnail","hentry","category-politica-de-principios","tag-juan-jose-rodriguez-prats-2","wp-image-borders"],"amp_enabled":true,"_links":{"self":[{"href":"https:\/\/nvnoticias.mx\/index.php\/wp-json\/wp\/v2\/posts\/129686","targetHints":{"allow":["GET"]}}],"collection":[{"href":"https:\/\/nvnoticias.mx\/index.php\/wp-json\/wp\/v2\/posts"}],"about":[{"href":"https:\/\/nvnoticias.mx\/index.php\/wp-json\/wp\/v2\/types\/post"}],"author":[{"embeddable":true,"href":"https:\/\/nvnoticias.mx\/index.php\/wp-json\/wp\/v2\/users\/17"}],"replies":[{"embeddable":true,"href":"https:\/\/nvnoticias.mx\/index.php\/wp-json\/wp\/v2\/comments?post=129686"}],"version-history":[{"count":1,"href":"https:\/\/nvnoticias.mx\/index.php\/wp-json\/wp\/v2\/posts\/129686\/revisions"}],"predecessor-version":[{"id":129688,"href":"https:\/\/nvnoticias.mx\/index.php\/wp-json\/wp\/v2\/posts\/129686\/revisions\/129688"}],"wp:featuredmedia":[{"embeddable":true,"href":"https:\/\/nvnoticias.mx\/index.php\/wp-json\/wp\/v2\/media\/129687"}],"wp:attachment":[{"href":"https:\/\/nvnoticias.mx\/index.php\/wp-json\/wp\/v2\/media?parent=129686"}],"wp:term":[{"taxonomy":"category","embeddable":true,"href":"https:\/\/nvnoticias.mx\/index.php\/wp-json\/wp\/v2\/categories?post=129686"},{"taxonomy":"post_tag","embeddable":true,"href":"https:\/\/nvnoticias.mx\/index.php\/wp-json\/wp\/v2\/tags?post=129686"}],"curies":[{"name":"wp","href":"https:\/\/api.w.org\/{rel}","templated":true}]}}