{"id":129606,"date":"2023-11-17T14:28:01","date_gmt":"2023-11-17T20:28:01","guid":{"rendered":"https:\/\/nvnoticias.mx\/?p=129606"},"modified":"2023-11-17T14:28:02","modified_gmt":"2023-11-17T20:28:02","slug":"contraen-claudia-sheinbaum-y-jesus-maria-tarriba-matrimonio-en-ceremonia-intima","status":"publish","type":"post","link":"https:\/\/nvnoticias.mx\/index.php\/2023\/11\/17\/contraen-claudia-sheinbaum-y-jesus-maria-tarriba-matrimonio-en-ceremonia-intima\/","title":{"rendered":"Contraen Claudia Sheinbaum y Jes\u00fas Mar\u00eda Tarriba matrimonio en ceremonia \u00edntima"},"content":{"rendered":"\n<p><strong>Claudia Sheinbaum<\/strong>, aspirante presidencial de Morena, y&nbsp;<strong>Jes\u00fas Mar\u00eda Tarriba<\/strong>&nbsp;contrajeron matrimonio este viernes 17 de noviembre en una \u201cceremonia \u00edntima y familiar\u201d.<\/p>\n\n\n\n<blockquote class=\"wp-block-quote is-layout-flow wp-block-quote-is-layout-flow\"><p>\u201cEstamos muy felices\u201d, expres\u00f3 en redes sociales Claudia Sheinbaum al compartir una foto al lado de su esposo.<\/p><\/blockquote>\n\n\n\n<p>En la imagen, la exjefa de Gobierno de la Ciudad de M\u00e9xico porta un vestido blanco, mientras que \u00e9l viste un traje negro con corbata roja.<\/p>\n\n\n\n<p>El enlace ocurre a dos d\u00edas del inicio de las precampa\u00f1as a nivel federal, el pr\u00f3ximo 20 de noviembre.<\/p>\n\n\n\n<p>En su cuenta de Instagram, Claudia Sheinbaum tambi\u00e9n comparti\u00f3 una imagen de sus anillos.<\/p>\n\n\n\n<p>Fuente: <a href=\"https:\/\/www.eluniversal.com.mx\/elecciones\/claudia-sheinbaum-y-jesus-maria-tarriba-contraen-matrimonio-en-ceremonia-intima\/\" data-type=\"URL\" data-id=\"https:\/\/www.eluniversal.com.mx\/elecciones\/claudia-sheinbaum-y-jesus-maria-tarriba-contraen-matrimonio-en-ceremonia-intima\/\">El Universal<\/a> <\/p>\n","protected":false},"excerpt":{"rendered":"<p>Claudia Sheinbaum, aspirante presidencial de Morena, y&nbsp;Jes\u00fas Mar\u00eda Tarriba&nbsp;contrajeron matrimonio este viernes 17 de noviembre en una \u201cceremonia \u00edntima y familiar\u201d. \u201cEstamos muy felices\u201d, expres\u00f3 en redes sociales Claudia Sheinbaum al compartir una foto al lado de su esposo. En la imagen, la exjefa de Gobierno de la Ciudad de M\u00e9xico porta un vestido blanco, [&hellip;]<\/p>\n","protected":false},"author":35,"featured_media":129610,"comment_status":"open","ping_status":"open","sticky":false,"template":"","format":"standard","meta":{"_monsterinsights_skip_tracking":false,"_monsterinsights_sitenote_active":false,"_monsterinsights_sitenote_note":"","_monsterinsights_sitenote_category":0,"footnotes":""},"categories":[157],"tags":[28325,2801,13230,28324,12585],"class_list":["post-129606","post","type-post","status-publish","format-standard","has-post-thumbnail","hentry","category-nacional","tag-ceremonia-intima","tag-claudia-sheinbaum","tag-contraen","tag-jesus-maria-tarriba","tag-matrimonio","wp-image-borders"],"amp_enabled":true,"_links":{"self":[{"href":"https:\/\/nvnoticias.mx\/index.php\/wp-json\/wp\/v2\/posts\/129606","targetHints":{"allow":["GET"]}}],"collection":[{"href":"https:\/\/nvnoticias.mx\/index.php\/wp-json\/wp\/v2\/posts"}],"about":[{"href":"https:\/\/nvnoticias.mx\/index.php\/wp-json\/wp\/v2\/types\/post"}],"author":[{"embeddable":true,"href":"https:\/\/nvnoticias.mx\/index.php\/wp-json\/wp\/v2\/users\/35"}],"replies":[{"embeddable":true,"href":"https:\/\/nvnoticias.mx\/index.php\/wp-json\/wp\/v2\/comments?post=129606"}],"version-history":[{"count":4,"href":"https:\/\/nvnoticias.mx\/index.php\/wp-json\/wp\/v2\/posts\/129606\/revisions"}],"predecessor-version":[{"id":129611,"href":"https:\/\/nvnoticias.mx\/index.php\/wp-json\/wp\/v2\/posts\/129606\/revisions\/129611"}],"wp:featuredmedia":[{"embeddable":true,"href":"https:\/\/nvnoticias.mx\/index.php\/wp-json\/wp\/v2\/media\/129610"}],"wp:attachment":[{"href":"https:\/\/nvnoticias.mx\/index.php\/wp-json\/wp\/v2\/media?parent=129606"}],"wp:term":[{"taxonomy":"category","embeddable":true,"href":"https:\/\/nvnoticias.mx\/index.php\/wp-json\/wp\/v2\/categories?post=129606"},{"taxonomy":"post_tag","embeddable":true,"href":"https:\/\/nvnoticias.mx\/index.php\/wp-json\/wp\/v2\/tags?post=129606"}],"curies":[{"name":"wp","href":"https:\/\/api.w.org\/{rel}","templated":true}]}}