{"id":129567,"date":"2023-11-17T11:54:46","date_gmt":"2023-11-17T17:54:46","guid":{"rendered":"https:\/\/nvnoticias.mx\/?p=129567"},"modified":"2023-11-17T11:54:48","modified_gmt":"2023-11-17T17:54:48","slug":"el-elenco-de-la-precuela-de-thg-conmovido-por-el-mensaje-de-jennifer-lawrence","status":"publish","type":"post","link":"https:\/\/nvnoticias.mx\/index.php\/2023\/11\/17\/el-elenco-de-la-precuela-de-thg-conmovido-por-el-mensaje-de-jennifer-lawrence\/","title":{"rendered":"El elenco de la precuela de THG conmovido por el mensaje de Jennifer Lawrence"},"content":{"rendered":"\n<p>El 16 de noviembre marc\u00f3 el estreno mundial de<strong>&nbsp;Los juegos del hambre: la balada de p\u00e1jaros cantores y serpientes<\/strong>&nbsp;(<strong>The Hunger Games: The Ballad of Songbirds and Snakes<\/strong>), una precuela situada aproximadamente 60 a\u00f1os antes de la trilog\u00eda original de<strong>&nbsp;Suzanne Collins<\/strong>, que previamente hab\u00eda sido adaptada al cine en una exitosa franquicia de cuatro pel\u00edculas.<\/p>\n\n\n\n<p>El personaje central de esta precuela es una versi\u00f3n joven del imponente presidente&nbsp;<strong>Snow<\/strong>, interpretado por<strong>&nbsp;Donald Sutherland<\/strong>&nbsp;en la trilog\u00eda original. En esta ocasi\u00f3n, el actor<strong>&nbsp;Tom Blyth<\/strong>&nbsp;asume el papel, y su reacci\u00f3n inicial al enterarse fue revelada en una entrevista para el podcast&nbsp;<strong>Little Gold Men<\/strong>&nbsp;de&nbsp;<strong>Vanity Fair<\/strong>.&nbsp;<strong>Blyth<\/strong>&nbsp;confes\u00f3:&nbsp;<em>\u201cLos fan\u00e1ticos me odiar\u00e1n en l\u00ednea, no pensar\u00e1n que soy la persona adecuada para el trabajo y Francis [Lawrence] no ser\u00e1 accesible como director porque estar\u00e1 demasiado ocupado\u201d.<\/em><\/p>\n\n\n\n<p>Cuando se le pregunt\u00f3 sobre si hab\u00eda recibido consejos del elenco original,<strong>&nbsp;Blyth<\/strong>&nbsp;comparti\u00f3: \u201c<em>No lo hicimos. No creo que ninguno de nosotros haya hablado con el elenco original durante el rodaje y eso fue m\u00e1s o menos por elecci\u00f3n de Francis\u201d<\/em>. Explic\u00f3 que quer\u00edan distanciarse de lo visto anteriormente, considerando la diferencia de a\u00f1os entre la precuela y la historia original.<\/p>\n\n\n\n<p>A pesar de esto,&nbsp;<strong>Blyth&nbsp;<\/strong>mencion\u00f3 que recibieron un mensaje de<strong>&nbsp;Jennifer Lawrence<\/strong>, quien interpret\u00f3 a<strong>&nbsp;Katniss Everdeen<\/strong>&nbsp;en las pel\u00edculas anteriores:&nbsp;<em>\u201cNo tuvimos ning\u00fan contacto hasta que todos recibimos la noticia de que Jen Lawrence hab\u00eda sido entrevistada en alguna alfombra roja sobre c\u00f3mo se sent\u00eda al respecto de la precuela. Ella nos envi\u00f3 un mensaje, a trav\u00e9s de un medio de comunicaci\u00f3n, b\u00e1sicamente diciendo buena suerte a todos, espero que todo vaya bien\u201d.<\/em><\/p>\n\n\n\n<p>Al escuchar este mensaje,<strong>&nbsp;Blyth<\/strong>&nbsp;admiti\u00f3 que sintieron alivio:&nbsp;<em>\u201cTodos necesit\u00e1bamos escuchar ese mensaje, porque a la mitad est\u00e1bamos como: \u2018Oh Dios, espero que estemos a la altura de las esperanzas y sue\u00f1os de las personas que aman esta franquicia. Espero que no le disparemos a Jen por la espalda\u2019\u201d.<\/em><\/p>\n\n\n\n<p>Actualmente,&nbsp;<strong>Los juegos del hambre: la balada de p\u00e1jaros cantores y serpientes<\/strong>&nbsp;est\u00e1 disponible en los cines para el disfrute del p\u00fablico.<\/p>\n\n\n\n<p>Fuente: <a href=\"https:\/\/www.infobae.com\/malditos-nerds\/2023\/11\/17\/los-juegos-del-hambre-el-elenco-de-la-precuela-conmovido-por-el-mensaje-de-jennifer-lawrence\/?outputType=amp-type\" data-type=\"URL\" data-id=\"https:\/\/www.infobae.com\/malditos-nerds\/2023\/11\/17\/los-juegos-del-hambre-el-elenco-de-la-precuela-conmovido-por-el-mensaje-de-jennifer-lawrence\/?outputType=amp-type\">Infobae<\/a><\/p>\n","protected":false},"excerpt":{"rendered":"<p>El 16 de noviembre marc\u00f3 el estreno mundial de&nbsp;Los juegos del hambre: la balada de p\u00e1jaros cantores y serpientes&nbsp;(The Hunger Games: The Ballad of Songbirds and Snakes), una precuela situada aproximadamente 60 a\u00f1os antes de la trilog\u00eda original de&nbsp;Suzanne Collins, que previamente hab\u00eda sido adaptada al cine en una exitosa franquicia de cuatro pel\u00edculas. El [&hellip;]<\/p>\n","protected":false},"author":35,"featured_media":129572,"comment_status":"open","ping_status":"open","sticky":false,"template":"","format":"standard","meta":{"_monsterinsights_skip_tracking":false,"_monsterinsights_sitenote_active":false,"_monsterinsights_sitenote_note":"","_monsterinsights_sitenote_category":0,"footnotes":""},"categories":[576],"tags":[11037,6029,28319,23568,28320],"class_list":["post-129567","post","type-post","status-publish","format-standard","has-post-thumbnail","hentry","category-ocio","tag-elenco","tag-jennifer-lawrence","tag-precuela","tag-the-hunger-games","tag-the-hunger-games-the-ballad-of-songbirds-and-snakes","wp-image-borders"],"amp_enabled":true,"_links":{"self":[{"href":"https:\/\/nvnoticias.mx\/index.php\/wp-json\/wp\/v2\/posts\/129567","targetHints":{"allow":["GET"]}}],"collection":[{"href":"https:\/\/nvnoticias.mx\/index.php\/wp-json\/wp\/v2\/posts"}],"about":[{"href":"https:\/\/nvnoticias.mx\/index.php\/wp-json\/wp\/v2\/types\/post"}],"author":[{"embeddable":true,"href":"https:\/\/nvnoticias.mx\/index.php\/wp-json\/wp\/v2\/users\/35"}],"replies":[{"embeddable":true,"href":"https:\/\/nvnoticias.mx\/index.php\/wp-json\/wp\/v2\/comments?post=129567"}],"version-history":[{"count":5,"href":"https:\/\/nvnoticias.mx\/index.php\/wp-json\/wp\/v2\/posts\/129567\/revisions"}],"predecessor-version":[{"id":129573,"href":"https:\/\/nvnoticias.mx\/index.php\/wp-json\/wp\/v2\/posts\/129567\/revisions\/129573"}],"wp:featuredmedia":[{"embeddable":true,"href":"https:\/\/nvnoticias.mx\/index.php\/wp-json\/wp\/v2\/media\/129572"}],"wp:attachment":[{"href":"https:\/\/nvnoticias.mx\/index.php\/wp-json\/wp\/v2\/media?parent=129567"}],"wp:term":[{"taxonomy":"category","embeddable":true,"href":"https:\/\/nvnoticias.mx\/index.php\/wp-json\/wp\/v2\/categories?post=129567"},{"taxonomy":"post_tag","embeddable":true,"href":"https:\/\/nvnoticias.mx\/index.php\/wp-json\/wp\/v2\/tags?post=129567"}],"curies":[{"name":"wp","href":"https:\/\/api.w.org\/{rel}","templated":true}]}}