{"id":129492,"date":"2023-11-16T15:25:39","date_gmt":"2023-11-16T21:25:39","guid":{"rendered":"https:\/\/nvnoticias.mx\/?p=129492"},"modified":"2023-11-16T15:25:41","modified_gmt":"2023-11-16T21:25:41","slug":"exhorta-eu-a-mexico-a-reforzar-aduanas-y-cumplir-la-ley-para-frenar-fentanilo","status":"publish","type":"post","link":"https:\/\/nvnoticias.mx\/index.php\/2023\/11\/16\/exhorta-eu-a-mexico-a-reforzar-aduanas-y-cumplir-la-ley-para-frenar-fentanilo\/","title":{"rendered":"Exhorta EU a M\u00e9xico a reforzar aduanas y &#8220;cumplir la ley&#8221; para frenar fentanilo"},"content":{"rendered":"\n<p>Estados Unidos afirm\u00f3 este jueves que a M\u00e9xico le corresponde reforzar sus aduanas y &#8220;hacer valer la ley&#8221; para frenar el tr\u00e1fico de fentanilo, despu\u00e9s de que el gobierno de Joe Biden haya acordado con China controlar las salidas de precursores qu\u00edmicos utilizados para fabricar esa droga.<\/p>\n\n\n\n<blockquote class=\"wp-block-quote is-layout-flow wp-block-quote-is-layout-flow\"><p>&#8220;La colaboraci\u00f3n debe pasar por un refuerzo de la infraestructura aduanera para frenar el cruce ilegal de todos estos productos il\u00edcitos, inversi\u00f3n en recursos de la Procuradur\u00eda y hacer valer la ley dentro del pa\u00eds&#8221;, dijo en una entrevista con EFE el secretario adjunto del Departamento de Estado para Am\u00e9rica Latina, Brian Nichols.<\/p><\/blockquote>\n\n\n\n<p><br>Asimismo, a\u00f1adi\u00f3 que su vecino del sur debe investigar cu\u00e1les son &#8220;las empresas involucradas en el suministro&#8221; de estos qu\u00edmicos y c\u00f3mo se extienden sus &#8220;redes financieras il\u00edcitas&#8221;.<\/p>\n\n\n\n<p>Seg\u00fan Washington, los carteles mexicanos usan los precursores qu\u00edmicos procedentes de China para fabricar este opioide, cincuenta veces m\u00e1s potente que la hero\u00edna, y posteriormente lo venden ilegalmente en Estados Unidos.<\/p>\n\n\n\n<p>En este sentido, el presidente de Estados Unidos, Joe Biden, y su hom\u00f3logo de M\u00e9xico, Andr\u00e9s Manuel L\u00f3pez Obrador, mantendr\u00e1n una reuni\u00f3n bilateral este viernes como parte del Foro de Cooperaci\u00f3n Econ\u00f3mica Asisa-Pac\u00edfico (APEC), en la que el mandatario mexicano ya ha adelantado que ser\u00e1 abordada la cuesti\u00f3n del fentanilo.<\/p>\n\n\n\n<p>Fuente: <a href=\"https:\/\/www.milenio.com\/internacional\/eu-exhorta-mexico-reforzar-aduanas-frenar-fentanilo\" data-type=\"URL\" data-id=\"https:\/\/www.milenio.com\/internacional\/eu-exhorta-mexico-reforzar-aduanas-frenar-fentanilo\">Milenio<\/a> <br><\/p>\n","protected":false},"excerpt":{"rendered":"<p>Estados Unidos afirm\u00f3 este jueves que a M\u00e9xico le corresponde reforzar sus aduanas y &#8220;hacer valer la ley&#8221; para frenar el tr\u00e1fico de fentanilo, despu\u00e9s de que el gobierno de Joe Biden haya acordado con China controlar las salidas de precursores qu\u00edmicos utilizados para fabricar esa droga. &#8220;La colaboraci\u00f3n debe pasar por un refuerzo de [&hellip;]<\/p>\n","protected":false},"author":35,"featured_media":48494,"comment_status":"open","ping_status":"open","sticky":false,"template":"","format":"standard","meta":{"_monsterinsights_skip_tracking":false,"_monsterinsights_sitenote_active":false,"_monsterinsights_sitenote_note":"","_monsterinsights_sitenote_category":0,"footnotes":""},"categories":[157],"tags":[3306,183,13413,9631],"class_list":["post-129492","post","type-post","status-publish","format-standard","has-post-thumbnail","hentry","category-nacional","tag-aduanas","tag-estados-unidos","tag-exhorta","tag-reforzar","wp-image-borders"],"amp_enabled":true,"_links":{"self":[{"href":"https:\/\/nvnoticias.mx\/index.php\/wp-json\/wp\/v2\/posts\/129492","targetHints":{"allow":["GET"]}}],"collection":[{"href":"https:\/\/nvnoticias.mx\/index.php\/wp-json\/wp\/v2\/posts"}],"about":[{"href":"https:\/\/nvnoticias.mx\/index.php\/wp-json\/wp\/v2\/types\/post"}],"author":[{"embeddable":true,"href":"https:\/\/nvnoticias.mx\/index.php\/wp-json\/wp\/v2\/users\/35"}],"replies":[{"embeddable":true,"href":"https:\/\/nvnoticias.mx\/index.php\/wp-json\/wp\/v2\/comments?post=129492"}],"version-history":[{"count":2,"href":"https:\/\/nvnoticias.mx\/index.php\/wp-json\/wp\/v2\/posts\/129492\/revisions"}],"predecessor-version":[{"id":129494,"href":"https:\/\/nvnoticias.mx\/index.php\/wp-json\/wp\/v2\/posts\/129492\/revisions\/129494"}],"wp:featuredmedia":[{"embeddable":true,"href":"https:\/\/nvnoticias.mx\/index.php\/wp-json\/wp\/v2\/media\/48494"}],"wp:attachment":[{"href":"https:\/\/nvnoticias.mx\/index.php\/wp-json\/wp\/v2\/media?parent=129492"}],"wp:term":[{"taxonomy":"category","embeddable":true,"href":"https:\/\/nvnoticias.mx\/index.php\/wp-json\/wp\/v2\/categories?post=129492"},{"taxonomy":"post_tag","embeddable":true,"href":"https:\/\/nvnoticias.mx\/index.php\/wp-json\/wp\/v2\/tags?post=129492"}],"curies":[{"name":"wp","href":"https:\/\/api.w.org\/{rel}","templated":true}]}}