{"id":129484,"date":"2023-11-16T14:10:07","date_gmt":"2023-11-16T20:10:07","guid":{"rendered":"https:\/\/nvnoticias.mx\/?p=129484"},"modified":"2023-11-16T14:10:08","modified_gmt":"2023-11-16T20:10:08","slug":"autoriza-ine-3-debates-presidenciales-en-2024","status":"publish","type":"post","link":"https:\/\/nvnoticias.mx\/index.php\/2023\/11\/16\/autoriza-ine-3-debates-presidenciales-en-2024\/","title":{"rendered":"Autoriza INE 3 debates presidenciales en 2024"},"content":{"rendered":"\n<p>El Consejo General del <strong>Instituto Nacional Electoral<\/strong> <strong>(INE<\/strong>) aprob\u00f3 la realizaci\u00f3n de<strong> tres debates presidenciales <\/strong>en 2024, al tiempo que se buscar\u00e1 optimizar los recursos sin disminuir la calidad de este ejercicio.<\/p>\n\n\n\n<p>El Instituto tambi\u00e9n aprob\u00f3 que las personas con sanci\u00f3n firme por violencia pol\u00edtica contra las mujeres, en raz\u00f3n de g\u00e9nero, no podr\u00e1n ser moderadoras de los debates.<\/p>\n\n\n\n<p>El primer debate se llevar\u00e1 a cabo el 7 de abril; el segundo, el 28 de abril y el tercero, el 19 de mayo, todos a realizarse a las 20:00 horas.<\/p>\n\n\n\n<p>A nombre de Morena, Mario Llergo, pidi\u00f3 que las representaciones de los partidos pol\u00edticos sean consideradas en este proceso, principalmente en la selecci\u00f3n de las moderaciones.<\/p>\n\n\n\n<blockquote class=\"wp-block-quote is-layout-flow wp-block-quote-is-layout-flow\"><p>\u201cPedir que no vuelta a ocurrir lo que ocurri\u00f3 en el debate reciente en el Estado de M\u00e9xico, y lo que ocurri\u00f3 en el debate de revocaci\u00f3n de mandato. Insistimos que las y los moderadores, no es funci\u00f3n de ellos ser protagonistas en los debates, sino que tienen una funci\u00f3n espec\u00edfica\u201d, apunt\u00f3.<\/p><\/blockquote>\n\n\n\n<p>El representante del PAN, V\u00edctor Hugo Sond\u00f3n, insisti\u00f3 en la propuesta de realizar m\u00e1s de tres debates, a fin de que la ciudadan\u00eda conozca a los candidatos y sus proyectos; sin embargo, reconoci\u00f3 que el INE puede estar limitado por el recorte presupuestal aprobado por la C\u00e1mara de Diputados.<\/p>\n\n\n\n<p>La consejera presidenta del INE, Guadalupe Taddei, expuso que para reducir costos, se puede hacer uso de las instalaciones del Instituto, as\u00ed como la realizaci\u00f3n de los tres debates en la Ciudad de M\u00e9xico.<\/p>\n\n\n\n<p>En su caso, para la selecci\u00f3n de las sedes distintas a la del Instituto, se privilegiar\u00e1n recintos que cuenten con los espacios y las capacidades t\u00e9cnicas necesarias para la producci\u00f3n de un debate televisivo, as\u00ed como universidades e instituciones p\u00fablicas.<\/p>\n\n\n\n<p>Los temas que deber\u00e1n ser abordados por las personas aspirantes en los debates son: seguridad; econom\u00eda; combate a la corrupci\u00f3n; salud y educaci\u00f3n; pobreza; medio ambiente; migraci\u00f3n y pol\u00edtica exterior.<\/p>\n\n\n\n<p>Fuente: <a href=\"https:\/\/www.eluniversal.com.mx\/nacion\/ine-da-luz-verde-a-3-debates-presidenciales-en-2024\/\" data-type=\"URL\" data-id=\"https:\/\/www.eluniversal.com.mx\/nacion\/ine-da-luz-verde-a-3-debates-presidenciales-en-2024\/\">El Universal<\/a><\/p>\n","protected":false},"excerpt":{"rendered":"<p>El Consejo General del Instituto Nacional Electoral (INE) aprob\u00f3 la realizaci\u00f3n de tres debates presidenciales en 2024, al tiempo que se buscar\u00e1 optimizar los recursos sin disminuir la calidad de este ejercicio. El Instituto tambi\u00e9n aprob\u00f3 que las personas con sanci\u00f3n firme por violencia pol\u00edtica contra las mujeres, en raz\u00f3n de g\u00e9nero, no podr\u00e1n ser [&hellip;]<\/p>\n","protected":false},"author":35,"featured_media":97609,"comment_status":"open","ping_status":"open","sticky":false,"template":"","format":"standard","meta":{"_monsterinsights_skip_tracking":false,"_monsterinsights_sitenote_active":false,"_monsterinsights_sitenote_note":"","_monsterinsights_sitenote_category":0,"footnotes":""},"categories":[158],"tags":[8794,27429,162],"class_list":["post-129484","post","type-post","status-publish","format-standard","has-post-thumbnail","hentry","category-politica","tag-autoriza","tag-debates-presidenciales","tag-portada","wp-image-borders"],"amp_enabled":true,"_links":{"self":[{"href":"https:\/\/nvnoticias.mx\/index.php\/wp-json\/wp\/v2\/posts\/129484","targetHints":{"allow":["GET"]}}],"collection":[{"href":"https:\/\/nvnoticias.mx\/index.php\/wp-json\/wp\/v2\/posts"}],"about":[{"href":"https:\/\/nvnoticias.mx\/index.php\/wp-json\/wp\/v2\/types\/post"}],"author":[{"embeddable":true,"href":"https:\/\/nvnoticias.mx\/index.php\/wp-json\/wp\/v2\/users\/35"}],"replies":[{"embeddable":true,"href":"https:\/\/nvnoticias.mx\/index.php\/wp-json\/wp\/v2\/comments?post=129484"}],"version-history":[{"count":1,"href":"https:\/\/nvnoticias.mx\/index.php\/wp-json\/wp\/v2\/posts\/129484\/revisions"}],"predecessor-version":[{"id":129485,"href":"https:\/\/nvnoticias.mx\/index.php\/wp-json\/wp\/v2\/posts\/129484\/revisions\/129485"}],"wp:featuredmedia":[{"embeddable":true,"href":"https:\/\/nvnoticias.mx\/index.php\/wp-json\/wp\/v2\/media\/97609"}],"wp:attachment":[{"href":"https:\/\/nvnoticias.mx\/index.php\/wp-json\/wp\/v2\/media?parent=129484"}],"wp:term":[{"taxonomy":"category","embeddable":true,"href":"https:\/\/nvnoticias.mx\/index.php\/wp-json\/wp\/v2\/categories?post=129484"},{"taxonomy":"post_tag","embeddable":true,"href":"https:\/\/nvnoticias.mx\/index.php\/wp-json\/wp\/v2\/tags?post=129484"}],"curies":[{"name":"wp","href":"https:\/\/api.w.org\/{rel}","templated":true}]}}