{"id":12941,"date":"2021-05-11T10:31:35","date_gmt":"2021-05-11T15:31:35","guid":{"rendered":"https:\/\/nvnoticias.mx\/?p=12941"},"modified":"2021-05-11T10:31:36","modified_gmt":"2021-05-11T15:31:36","slug":"diez-datos-polemicos-de-la-caida-de-la-linea-12-del-metro-de-la-ciudad-de-mexico","status":"publish","type":"post","link":"https:\/\/nvnoticias.mx\/index.php\/2021\/05\/11\/diez-datos-polemicos-de-la-caida-de-la-linea-12-del-metro-de-la-ciudad-de-mexico\/","title":{"rendered":"Diez datos pol\u00e9micos de la ca\u00edda de la l\u00ednea 12 del metro de la Ciudad de M\u00e9xico"},"content":{"rendered":"\n<p>Los Pol\u00edticos involucrados<\/p>\n\n\n\n<ul class=\"wp-block-list\" type=\"1\"><li>Marcelo Ebrard, el actual Secretario de Relaciones Exteriores y fuerte aspirante de MORENA para ser candidato a la Presidencia de la Rep\u00fablica en el 2024, \u00a0fue quien mand\u00f3 a construir la l\u00ednea 12 del metro.<\/li><\/ul>\n\n\n\n<ul class=\"wp-block-list\"><li>Miguel \u00c1ngel Mancera, actual Senador de la Rep\u00fablica fue el Primer Jefe de Gobierno de la Ciudad de M\u00e9xico quien le toco operar la L\u00ednea 12 del metro, durante su gesti\u00f3n se suspendi\u00f3 el funcionamiento de la l\u00ednea al menos dos veces. Despu\u00e9s del sismo del 2017 fue ampliamente criticado que su gobierno hab\u00eda dejado de dar un adecuado mantenimiento a la l\u00ednea.<\/li><\/ul>\n\n\n\n<ul class=\"wp-block-list\"><li>Claudia Sheinbaum, segunda Jefa de Gobierno en operar la l\u00ednea del metro, ha sido acusada de falta de mantenimiento de la l\u00ednea 12, sin embargo, durante su gesti\u00f3n de gobierno se tomaba fotos barriendo y pintando las estaciones del metro.<\/li><\/ul>\n\n\n\n<p>El dinero<\/p>\n\n\n\n<ul class=\"wp-block-list\"><li>\u00bfCu\u00e1nto cost\u00f3 la l\u00ednea 12 del metro? 26 mil millones de pesos aproximadamente.<\/li><\/ul>\n\n\n\n<ul class=\"wp-block-list\"><li>No se compraron los trenes, sino que se hizo un contrato de arrendamiento y mantenimiento a una empresa espa\u00f1ola denominada CAF. El contrato de arrendamiento tiene una vigencia de 17 a\u00f1os (hasta el 2026)&nbsp; a trav\u00e9s de una adjudicaci\u00f3n directa por un costo de $1500 millones de d\u00f3lares. El precio al estar fijado en d\u00f3lares cada a\u00f1o se paga m\u00e1s.<\/li><\/ul>\n\n\n\n<ul class=\"wp-block-list\"><li>\u00bfQui\u00e9n fue el que autoriz\u00f3 dicho contrato de adjudicaci\u00f3n directa? Mario Delgado entonces Secretario de Finanzas de la Ciudad de M\u00e9xico y hoy Presidente Nacional de MORENA.<\/li><\/ul>\n\n\n\n<p>Su funcionamiento<\/p>\n\n\n\n<ul class=\"wp-block-list\"><li>Inaugurada en octubre del 2012, pero en el 2014 (2 a\u00f1os despu\u00e9s se tuvo que suspender el servicio en 11 de 20 estaciones para corregir fallas en la planeaci\u00f3n, dise\u00f1o y construcci\u00f3n que provoc\u00f3 una sustituci\u00f3n de una parte de la estructura. En el 2017 tras el sismo, el entonces Director del Transporte Colectivo, Jorge Gavi\u00f1o admiti\u00f3 que los problemas de la l\u00ednea tienen como consecuencia un mantenimiento permanente.<\/li><\/ul>\n\n\n\n<ul class=\"wp-block-list\"><li>En ese mismo a\u00f1o 2017, la Sala Civil del Tribunal superior de Justicia&nbsp; de la Ciudad de M\u00e9xico conden\u00f3 que el Consorcio de las empresas (ICA, Carso y Alstom) que construyeron la L\u00ednea 12 deber\u00edan pagar al Gobierno de la Ciudad de M\u00e9xico $2100 millones de pesos por concepto o pena de retraso en la obra, trabajos no ejecutados o mal realizados y da\u00f1os y perjuicios.<\/li><\/ul>\n\n\n\n<p>Las v\u00edctimas y la indemnizaci\u00f3n<\/p>\n\n\n\n<ul class=\"wp-block-list\"><li>80 heridos y 26 muertos. El gobierno de la Ciudad de M\u00e9xico inform\u00f3 que pagar\u00e1 por concepto de Indemnizaci\u00f3n&nbsp; de $650,000 pesos a las familias de los 26 fallecidos, unos 17 millones de pesos. (Recomendaci\u00f3n de la Comisi\u00f3n Ejecutiva de Atenci\u00f3n a V\u00edctimas de la Ciudad de M\u00e9xico)<\/li><\/ul>\n\n\n\n<p>Los Peritajes<\/p>\n\n\n\n<ol class=\"wp-block-list\" type=\"1\"><li>Para efecto de determinar la causa del siniestro se anunci\u00f3 que habr\u00e1 al menos tres dict\u00e1menes periciales: Fiscal\u00eda de la Ciudad de M\u00e9xico, peritaje externo por una empresa internacional (contratado por la Secretaria de Protecci\u00f3n de Civil) y Colegio de Ingenieros Civiles de la Ciudad de M\u00e9xico. Los primeros resultados del peritaje del accidente estar\u00e1n en 4 semanas (a mediados de junio, despu\u00e9s de las elecciones).<\/li><\/ol>\n\n\n\n<p class=\"has-text-align-right\"><strong>Lic. Luis Enrique Villalobos Urbina<\/strong><\/p>\n","protected":false},"excerpt":{"rendered":"<p>Los Pol\u00edticos involucrados Marcelo Ebrard, el actual Secretario de Relaciones Exteriores y fuerte aspirante de MORENA para ser candidato a la Presidencia de la Rep\u00fablica en el 2024, \u00a0fue quien mand\u00f3 a construir la l\u00ednea 12 del metro. Miguel \u00c1ngel Mancera, actual Senador de la Rep\u00fablica fue el Primer Jefe de Gobierno de la Ciudad [&hellip;]<\/p>\n","protected":false},"author":25,"featured_media":12379,"comment_status":"open","ping_status":"open","sticky":false,"template":"","format":"standard","meta":{"_monsterinsights_skip_tracking":false,"_monsterinsights_sitenote_active":false,"_monsterinsights_sitenote_note":"","_monsterinsights_sitenote_category":0,"footnotes":""},"categories":[241],"tags":[330],"class_list":["post-12941","post","type-post","status-publish","format-standard","has-post-thumbnail","hentry","category-de-derecho-politica-y-seguridad","tag-luis-enrique-villalobos-urbina","wp-image-borders"],"amp_enabled":true,"_links":{"self":[{"href":"https:\/\/nvnoticias.mx\/index.php\/wp-json\/wp\/v2\/posts\/12941","targetHints":{"allow":["GET"]}}],"collection":[{"href":"https:\/\/nvnoticias.mx\/index.php\/wp-json\/wp\/v2\/posts"}],"about":[{"href":"https:\/\/nvnoticias.mx\/index.php\/wp-json\/wp\/v2\/types\/post"}],"author":[{"embeddable":true,"href":"https:\/\/nvnoticias.mx\/index.php\/wp-json\/wp\/v2\/users\/25"}],"replies":[{"embeddable":true,"href":"https:\/\/nvnoticias.mx\/index.php\/wp-json\/wp\/v2\/comments?post=12941"}],"version-history":[{"count":1,"href":"https:\/\/nvnoticias.mx\/index.php\/wp-json\/wp\/v2\/posts\/12941\/revisions"}],"predecessor-version":[{"id":12942,"href":"https:\/\/nvnoticias.mx\/index.php\/wp-json\/wp\/v2\/posts\/12941\/revisions\/12942"}],"wp:featuredmedia":[{"embeddable":true,"href":"https:\/\/nvnoticias.mx\/index.php\/wp-json\/wp\/v2\/media\/12379"}],"wp:attachment":[{"href":"https:\/\/nvnoticias.mx\/index.php\/wp-json\/wp\/v2\/media?parent=12941"}],"wp:term":[{"taxonomy":"category","embeddable":true,"href":"https:\/\/nvnoticias.mx\/index.php\/wp-json\/wp\/v2\/categories?post=12941"},{"taxonomy":"post_tag","embeddable":true,"href":"https:\/\/nvnoticias.mx\/index.php\/wp-json\/wp\/v2\/tags?post=12941"}],"curies":[{"name":"wp","href":"https:\/\/api.w.org\/{rel}","templated":true}]}}