{"id":129400,"date":"2023-11-16T10:59:21","date_gmt":"2023-11-16T16:59:21","guid":{"rendered":"https:\/\/nvnoticias.mx\/?p=129400"},"modified":"2023-11-16T10:59:22","modified_gmt":"2023-11-16T16:59:22","slug":"anuncian-desfile-en-tejeria-sera-el-dia-21-de-noviembre","status":"publish","type":"post","link":"https:\/\/nvnoticias.mx\/index.php\/2023\/11\/16\/anuncian-desfile-en-tejeria-sera-el-dia-21-de-noviembre\/","title":{"rendered":"Anuncian desfile en Tejer\u00eda, ser\u00e1 el d\u00eda 21 de noviembre"},"content":{"rendered":"\n<p><strong>Jes\u00fas Utrilla \/ NV Noticias<\/strong><\/p>\n\n\n\n<p>El 21 de noviembre, a las 8 de la ma\u00f1ana, Tejer\u00eda se vestir\u00e1 de gala con un desfile c\u00edvico-deportivo organizado por la agrupaci\u00f3n Distintivo 91697.<\/p>\n\n\n\n<p>Con la participaci\u00f3n de 3 mil alumnos de diversos niveles educativos y el respaldo del 83 Batall\u00f3n de Infanter\u00eda, que ofrecer\u00e1 honores a la bandera, este evento busca destacar la importancia de la zona rural en la zona conurbada.<\/p>\n\n\n\n<p>Alejandro S\u00e1nchez Ortiz, representante de la agrupaci\u00f3n, invit\u00f3 a la poblaci\u00f3n a unirse a esta iniciativa, que comenzar\u00e1 en la Secundaria T\u00e9cnica Industria n\u00famero 78 y concluir\u00e1 en el parque Emiliano Zapata alrededor de las 10 de la ma\u00f1ana.<\/p>\n\n\n\n<p>Con 17 planteles confirmados y la participaci\u00f3n de 10 mil personas, se busca concientizar sobre la necesidad de incluir la cultura y proyectos para la zona rural en la planificaci\u00f3n comunitaria.<\/p>\n\n\n\n<blockquote class=\"wp-block-quote is-layout-flow wp-block-quote-is-layout-flow\"><p>\u201c<em>Es de a\u00f1os que la zona est\u00e1 descuidada pero ahorita que tenemos la apertura nos est\u00e1n volteando a ver. Hacer una invitaci\u00f3n masiva para que la gente vaya, conozca las escuelas que est\u00e1n en la zona y puede ser un nuevo inicio<\/em>\u201d.<\/p><\/blockquote>\n\n\n\n<p>El recorrido, que partir\u00e1 de la calle Inca para luego tomar Art\u00edculo 123 y finalizar en la calle 6 de enero, promete ser m\u00e1s que un desfile; es una oportunidad para que la comunidad conozca las escuelas de la zona y contribuya a un nuevo inicio para Tejer\u00eda.<\/p>\n","protected":false},"excerpt":{"rendered":"<p>Jes\u00fas Utrilla \/ NV Noticias El 21 de noviembre, a las 8 de la ma\u00f1ana, Tejer\u00eda se vestir\u00e1 de gala con un desfile c\u00edvico-deportivo organizado por la agrupaci\u00f3n Distintivo 91697. Con la participaci\u00f3n de 3 mil alumnos de diversos niveles educativos y el respaldo del 83 Batall\u00f3n de Infanter\u00eda, que ofrecer\u00e1 honores a la bandera, [&hellip;]<\/p>\n","protected":false},"author":8,"featured_media":129404,"comment_status":"open","ping_status":"open","sticky":false,"template":"","format":"standard","meta":{"_monsterinsights_skip_tracking":false,"_monsterinsights_sitenote_active":false,"_monsterinsights_sitenote_note":"","_monsterinsights_sitenote_category":0,"footnotes":""},"categories":[154],"tags":[3345,6414,13496],"class_list":["post-129400","post","type-post","status-publish","format-standard","has-post-thumbnail","hentry","category-veracruz","tag-desfile","tag-revolucion-mexicana","tag-tejeria","wp-image-borders"],"amp_enabled":true,"_links":{"self":[{"href":"https:\/\/nvnoticias.mx\/index.php\/wp-json\/wp\/v2\/posts\/129400","targetHints":{"allow":["GET"]}}],"collection":[{"href":"https:\/\/nvnoticias.mx\/index.php\/wp-json\/wp\/v2\/posts"}],"about":[{"href":"https:\/\/nvnoticias.mx\/index.php\/wp-json\/wp\/v2\/types\/post"}],"author":[{"embeddable":true,"href":"https:\/\/nvnoticias.mx\/index.php\/wp-json\/wp\/v2\/users\/8"}],"replies":[{"embeddable":true,"href":"https:\/\/nvnoticias.mx\/index.php\/wp-json\/wp\/v2\/comments?post=129400"}],"version-history":[{"count":1,"href":"https:\/\/nvnoticias.mx\/index.php\/wp-json\/wp\/v2\/posts\/129400\/revisions"}],"predecessor-version":[{"id":129405,"href":"https:\/\/nvnoticias.mx\/index.php\/wp-json\/wp\/v2\/posts\/129400\/revisions\/129405"}],"wp:featuredmedia":[{"embeddable":true,"href":"https:\/\/nvnoticias.mx\/index.php\/wp-json\/wp\/v2\/media\/129404"}],"wp:attachment":[{"href":"https:\/\/nvnoticias.mx\/index.php\/wp-json\/wp\/v2\/media?parent=129400"}],"wp:term":[{"taxonomy":"category","embeddable":true,"href":"https:\/\/nvnoticias.mx\/index.php\/wp-json\/wp\/v2\/categories?post=129400"},{"taxonomy":"post_tag","embeddable":true,"href":"https:\/\/nvnoticias.mx\/index.php\/wp-json\/wp\/v2\/tags?post=129400"}],"curies":[{"name":"wp","href":"https:\/\/api.w.org\/{rel}","templated":true}]}}