{"id":129370,"date":"2023-11-16T10:14:54","date_gmt":"2023-11-16T16:14:54","guid":{"rendered":"https:\/\/nvnoticias.mx\/?p=129370"},"modified":"2023-11-16T10:17:13","modified_gmt":"2023-11-16T16:17:13","slug":"remesas-a-america-latina-y-el-caribe-alcanzaran-un-record-anual-bid","status":"publish","type":"post","link":"https:\/\/nvnoticias.mx\/index.php\/2023\/11\/16\/remesas-a-america-latina-y-el-caribe-alcanzaran-un-record-anual-bid\/","title":{"rendered":"Remesas a Am\u00e9rica Latina y el Caribe alcanzar\u00e1n un r\u00e9cord anual: BID"},"content":{"rendered":"\n<p>Las&nbsp;remesas&nbsp;enviadas a<strong>&nbsp;Am\u00e9rica Latina<\/strong>&nbsp;y el&nbsp;<strong>Caribe&nbsp;<\/strong>podr\u00edan alcanzar este a\u00f1o la cifra r\u00e9cord de&nbsp;<strong>156 mil millones de d\u00f3lares<\/strong>, lo que supondr\u00eda un aumento del 9.5 por ciento respecto al r\u00e9cord anterior, seg\u00fan estimaciones publicadas por el&nbsp;<strong>Banco Interamericano de Desarrollo&nbsp;(BID)<\/strong>.<\/p>\n\n\n\n<blockquote class=\"wp-block-quote is-layout-flow wp-block-quote-is-layout-flow\"><p>&#8220;<strong>Las remesas a los pa\u00edses de Am\u00e9rica Latina y el Caribe han mostrado un crecimiento sostenido de alrededor del 10 por ciento anual<\/strong>&nbsp;durante los \u00faltimos 10 a\u00f1os&#8221;, refiere el BID en un informe en el que destaca la contribuci\u00f3n que los emigrantes hacen a sus pa\u00edses de origen.<\/p><\/blockquote>\n\n\n\n<p><\/p>\n\n\n\n<p>Las mayores cantidades de dinero en efectivo enviadas a&nbsp;<strong>M\u00e9xico&nbsp;<\/strong>y&nbsp;<strong>Centroam\u00e9rica&nbsp;<\/strong>explican la mayor parte del aumento, incluso cuando las previsiones muestran una desaceleraci\u00f3n en el ritmo de crecimiento para ambos en comparaci\u00f3n con 2022.<\/p>\n\n\n\n<p>Se estima que las remesas a&nbsp;<strong>M\u00e9xico&nbsp;<\/strong>aumentar\u00e1n 9.8 por ciento este a\u00f1o, frente al 13.4 por ciento del a\u00f1o pasado.&nbsp;<\/p>\n\n\n\n<p><strong>Centroam\u00e9rica&nbsp;<\/strong>podr\u00eda registrar un aumento del 13.2 por ciento en 2023, tras un incremento del 15.7 por ciento el a\u00f1o anterior.<\/p>\n\n\n\n<p>Las remesas a&nbsp;<strong>Am\u00e9rica del Sur&nbsp;<\/strong>aumentar\u00e1n 7.9 por ciento, frente al 10.2 por ciento del a\u00f1o pasado.<\/p>\n\n\n\n<p>Los pa\u00edses del&nbsp;<strong>Caribe<\/strong>, donde se estima un crecimiento este a\u00f1o del 2.6 por ciento frente a una contracci\u00f3n del 5.3 por ciento el a\u00f1o pasado, son la \u00fanica regi\u00f3n que experiment\u00f3 una mejora respecto al a\u00f1o pasado.<\/p>\n\n\n\n<p>El estudio estima que el salario semanal promedio de los trabajadores de&nbsp;<strong>Am\u00e9rica Latina y el Caribe en Estados Unidos<\/strong>&nbsp;aumentar\u00e1 3.9 por ciento este a\u00f1o, a 860 d\u00f3lares.<\/p>\n\n\n\n<p>Casi 6 de cada 10 d\u00f3lares enviados de vuelta a casa proceden de Norteam\u00e9rica, seg\u00fan el informe del&nbsp;<strong>BID<\/strong>, que cita datos de 2020. M\u00e1s de una cuarta parte del total procede desde la propia regi\u00f3n de&nbsp;<strong>Am\u00e9rica Latina y el Caribe<\/strong>, y casi el 13 por ciento de&nbsp;<strong>Europa<\/strong>.<\/p>\n\n\n\n<p>De cada 10 d\u00f3lares enviados, unos 4 van a parar a&nbsp;<strong>M\u00e9xico<\/strong>, algo menos de 3 a&nbsp;<strong>Am\u00e9rica Central,<\/strong>&nbsp;casi 2 a&nbsp;<strong>Am\u00e9rica del Sur&nbsp;<\/strong>y alrededor de 1 al&nbsp;<strong>Caribe<\/strong>, seg\u00fan las estimaciones del informe.<\/p>\n\n\n\n<p>Fuente: <a href=\"https:\/\/www.milenio.com\/negocios\/bid-preve-record-anual-de-remesas-a-america-latina-el-caribe\" data-type=\"URL\" data-id=\"https:\/\/www.milenio.com\/negocios\/bid-preve-record-anual-de-remesas-a-america-latina-el-caribe\">Milenio<\/a> <\/p>\n","protected":false},"excerpt":{"rendered":"<p>Las&nbsp;remesas&nbsp;enviadas a&nbsp;Am\u00e9rica Latina&nbsp;y el&nbsp;Caribe&nbsp;podr\u00edan alcanzar este a\u00f1o la cifra r\u00e9cord de&nbsp;156 mil millones de d\u00f3lares, lo que supondr\u00eda un aumento del 9.5 por ciento respecto al r\u00e9cord anterior, seg\u00fan estimaciones publicadas por el&nbsp;Banco Interamericano de Desarrollo&nbsp;(BID). &#8220;Las remesas a los pa\u00edses de Am\u00e9rica Latina y el Caribe han mostrado un crecimiento sostenido de alrededor del [&hellip;]<\/p>\n","protected":false},"author":35,"featured_media":17542,"comment_status":"open","ping_status":"open","sticky":false,"template":"","format":"standard","meta":{"_monsterinsights_skip_tracking":false,"_monsterinsights_sitenote_active":false,"_monsterinsights_sitenote_note":"","_monsterinsights_sitenote_category":0,"footnotes":""},"categories":[181],"tags":[2905,15870,876,162,28301,1124],"class_list":["post-129370","post","type-post","status-publish","format-standard","has-post-thumbnail","hentry","category-internacional","tag-america-latina","tag-bid","tag-caribe","tag-portada","tag-record-anual","tag-remesas","wp-image-borders"],"amp_enabled":true,"_links":{"self":[{"href":"https:\/\/nvnoticias.mx\/index.php\/wp-json\/wp\/v2\/posts\/129370","targetHints":{"allow":["GET"]}}],"collection":[{"href":"https:\/\/nvnoticias.mx\/index.php\/wp-json\/wp\/v2\/posts"}],"about":[{"href":"https:\/\/nvnoticias.mx\/index.php\/wp-json\/wp\/v2\/types\/post"}],"author":[{"embeddable":true,"href":"https:\/\/nvnoticias.mx\/index.php\/wp-json\/wp\/v2\/users\/35"}],"replies":[{"embeddable":true,"href":"https:\/\/nvnoticias.mx\/index.php\/wp-json\/wp\/v2\/comments?post=129370"}],"version-history":[{"count":4,"href":"https:\/\/nvnoticias.mx\/index.php\/wp-json\/wp\/v2\/posts\/129370\/revisions"}],"predecessor-version":[{"id":129374,"href":"https:\/\/nvnoticias.mx\/index.php\/wp-json\/wp\/v2\/posts\/129370\/revisions\/129374"}],"wp:featuredmedia":[{"embeddable":true,"href":"https:\/\/nvnoticias.mx\/index.php\/wp-json\/wp\/v2\/media\/17542"}],"wp:attachment":[{"href":"https:\/\/nvnoticias.mx\/index.php\/wp-json\/wp\/v2\/media?parent=129370"}],"wp:term":[{"taxonomy":"category","embeddable":true,"href":"https:\/\/nvnoticias.mx\/index.php\/wp-json\/wp\/v2\/categories?post=129370"},{"taxonomy":"post_tag","embeddable":true,"href":"https:\/\/nvnoticias.mx\/index.php\/wp-json\/wp\/v2\/tags?post=129370"}],"curies":[{"name":"wp","href":"https:\/\/api.w.org\/{rel}","templated":true}]}}