{"id":129343,"date":"2023-11-15T14:58:03","date_gmt":"2023-11-15T20:58:03","guid":{"rendered":"https:\/\/nvnoticias.mx\/?p=129343"},"modified":"2023-11-15T14:58:04","modified_gmt":"2023-11-15T20:58:04","slug":"este-sera-el-balon-oficial-de-la-eurocopa-2024","status":"publish","type":"post","link":"https:\/\/nvnoticias.mx\/index.php\/2023\/11\/15\/este-sera-el-balon-oficial-de-la-eurocopa-2024\/","title":{"rendered":"Este ser\u00e1 el bal\u00f3n oficial de la Eurocopa 2024"},"content":{"rendered":"\n<p>La UEFA y Adidas presentaron este mi\u00e9rcoles frente al Olympiastadion de Berl\u00edn el bal\u00f3n oficial de la Eurocopa de Alemania 2024, &#8220;Fussballiebe&#8221;, que incorpora por primera vez para esta competici\u00f3n la tecnolog\u00eda que ayuda al v\u00eddeoarbitraje y est\u00e1 fabricado con materiales biol\u00f3gicos m\u00e1s sostenibles.<\/p>\n\n\n\n<p>&#8220;Fussballiebe&#8221;, que significa &#8220;amor por el f\u00fatbol&#8221;, dispone de la tecnolog\u00eda &#8220;Connected Ball&#8221;, para facilitar una visi\u00f3n de cada elemento del movimiento y contribuir a la toma de decisiones del VAR, y est\u00e1 &#8220;dise\u00f1ado para la precisi\u00f3n y la consistencia, apoyando el juego r\u00e1pido y preciso con la m\u00e1xima forma y retenci\u00f3n de aire&#8221;, explic\u00f3 la UEFA.<\/p>\n\n\n\n<p>Tambi\u00e9n destac\u00f3 que, adem\u00e1s de utilizar poli\u00e9ster reciclado y tinta a base de agua, est\u00e1 fabricado con materiales biol\u00f3gicos m\u00e1s sostenibles que los balones anteriores de la competici\u00f3n, ya que cada una de sus capas incluye materiales como fibras de ma\u00edz, ca\u00f1a de az\u00facar, pulpa de madera y caucho.<\/p>\n\n\n\n<p>Su dise\u00f1o combina tonos rojos, azules, verdes y naranjas, para celebrar &#8220;la vitalidad&#8221; que las selecciones participantes, e incluye ilustraciones de cada uno de los estadios del torneo, junto al nombre de cada ciudad anfitriona.<\/p>\n\n\n\n<p>Adquirible desde hoy en tiendas, el 1% de sus ventas netas se destinar\u00e1 a la iniciativa solidaria &#8220;Common Goal&#8221;, que lidera el futbolista Juan Mata, para colaborar con organizaciones ben\u00e9ficas de en todo el mundo que utilizan el deporte como herramienta frente a problemas sociales, y es socio de la Fundaci\u00f3n de la UEFA para la Infancia.<\/p>\n\n\n\n<p>&#8220;La Eurocopa se erige como el pin\u00e1culo de la competici\u00f3n de selecciones nacionales en Europa y nos comprometemos a garantizar que todos los aspectos, desde las sedes hasta el equipamiento, mantengan los m\u00e1s altos est\u00e1ndares de calidad y rendimiento. Estamos, como siempre, seguros de que Fussballiebe de Adidas marcar\u00e1 otro paso en nuestra dedicaci\u00f3n compartida a la excelencia&#8221;, asegur\u00f3 Zvonimir Boban, director t\u00e9cnico y jefe de f\u00fatbol de la UEFA<\/p>\n\n\n\n<p>La presentaci\u00f3n de este mi\u00e9rcoles abre una serie de actividades que se llevar\u00e1n a cabo durante cinco d\u00edas en el Olympiastadion de Berl\u00edn vinculadas a la Eurocopa y en las otras nueve ciudades anfitrionas, que recibir\u00e1n 900 balones adicionales para donar a escuelas, clubes de f\u00fatbol y otras iniciativas.<\/p>\n\n\n\n<p>La Eurocopa 2024, cuyo sorteo se celebrar\u00e1 el 2 de diciembre, se jugar\u00e1 del 14 de junio al 14 de julio en diez ciudades de Alemania: Berl\u00edn, Colonia, Dortmund, D\u00fcsseldorf, Fr\u00e1ncfort, Gelsenkirchen, Hamburgo, Leipzig, M\u00fanich y Stuttgart.<\/p>\n\n\n\n<div class=\"wp-block-image\"><figure class=\"aligncenter\"><img decoding=\"async\" src=\"https:\/\/scontent.fver1-1.fna.fbcdn.net\/v\/t39.30808-6\/399647171_646835207664131_2096914171855503168_n.jpg?stp=cp6_dst-jpg&amp;_nc_cat=1&amp;ccb=1-7&amp;_nc_sid=5f2048&amp;_nc_eui2=AeEIO7aChZIRDZ2uryEOhKCl9pRQcHqddpn2lFBwep12me6xQ1W-jyhyd9eiL4-TTfWSIVPvnufLuBAAGbLcccjR&amp;_nc_ohc=ygk53kiM8i8AX9BAPyp&amp;_nc_ht=scontent.fver1-1.fna&amp;oh=00_AfBx44f2GBK9DcRKZkngZS4Z1P5fmeqbBU9SZIRhIFQ5Jg&amp;oe=6559A14A\" alt=\"Puede ser una imagen de f\u00fatbol, f\u00fatbol y texto que dice &quot;UEFA EURO 2024 GERMANY&quot;\"\/><\/figure><\/div>\n","protected":false},"excerpt":{"rendered":"<p>La UEFA y Adidas presentaron este mi\u00e9rcoles frente al Olympiastadion de Berl\u00edn el bal\u00f3n oficial de la Eurocopa de Alemania 2024, &#8220;Fussballiebe&#8221;, que incorpora por primera vez para esta competici\u00f3n la tecnolog\u00eda que ayuda al v\u00eddeoarbitraje y est\u00e1 fabricado con materiales biol\u00f3gicos m\u00e1s sostenibles. &#8220;Fussballiebe&#8221;, que significa &#8220;amor por el f\u00fatbol&#8221;, dispone de la tecnolog\u00eda [&hellip;]<\/p>\n","protected":false},"author":8,"featured_media":129346,"comment_status":"open","ping_status":"open","sticky":false,"template":"","format":"standard","meta":{"_monsterinsights_skip_tracking":false,"_monsterinsights_sitenote_active":false,"_monsterinsights_sitenote_note":"","_monsterinsights_sitenote_category":0,"footnotes":""},"categories":[159],"tags":[20159,19494],"class_list":["post-129343","post","type-post","status-publish","format-standard","has-post-thumbnail","hentry","category-deportes","tag-balon","tag-eurocopa-2024","wp-image-borders"],"amp_enabled":true,"_links":{"self":[{"href":"https:\/\/nvnoticias.mx\/index.php\/wp-json\/wp\/v2\/posts\/129343","targetHints":{"allow":["GET"]}}],"collection":[{"href":"https:\/\/nvnoticias.mx\/index.php\/wp-json\/wp\/v2\/posts"}],"about":[{"href":"https:\/\/nvnoticias.mx\/index.php\/wp-json\/wp\/v2\/types\/post"}],"author":[{"embeddable":true,"href":"https:\/\/nvnoticias.mx\/index.php\/wp-json\/wp\/v2\/users\/8"}],"replies":[{"embeddable":true,"href":"https:\/\/nvnoticias.mx\/index.php\/wp-json\/wp\/v2\/comments?post=129343"}],"version-history":[{"count":1,"href":"https:\/\/nvnoticias.mx\/index.php\/wp-json\/wp\/v2\/posts\/129343\/revisions"}],"predecessor-version":[{"id":129347,"href":"https:\/\/nvnoticias.mx\/index.php\/wp-json\/wp\/v2\/posts\/129343\/revisions\/129347"}],"wp:featuredmedia":[{"embeddable":true,"href":"https:\/\/nvnoticias.mx\/index.php\/wp-json\/wp\/v2\/media\/129346"}],"wp:attachment":[{"href":"https:\/\/nvnoticias.mx\/index.php\/wp-json\/wp\/v2\/media?parent=129343"}],"wp:term":[{"taxonomy":"category","embeddable":true,"href":"https:\/\/nvnoticias.mx\/index.php\/wp-json\/wp\/v2\/categories?post=129343"},{"taxonomy":"post_tag","embeddable":true,"href":"https:\/\/nvnoticias.mx\/index.php\/wp-json\/wp\/v2\/tags?post=129343"}],"curies":[{"name":"wp","href":"https:\/\/api.w.org\/{rel}","templated":true}]}}