{"id":129275,"date":"2023-11-15T12:29:19","date_gmt":"2023-11-15T18:29:19","guid":{"rendered":"https:\/\/nvnoticias.mx\/?p=129275"},"modified":"2023-11-15T12:29:20","modified_gmt":"2023-11-15T18:29:20","slug":"orienta-veracruz-norte-sobre-vasectomia-a-poblacion-masculina","status":"publish","type":"post","link":"https:\/\/nvnoticias.mx\/index.php\/2023\/11\/15\/orienta-veracruz-norte-sobre-vasectomia-a-poblacion-masculina\/","title":{"rendered":"Orienta Veracruz Norte sobre vasectom\u00eda a poblaci\u00f3n masculina"},"content":{"rendered":"\n<p>El Instituto Mexicano del Seguro Social (IMSS) en Veracruz Norte informa sobre la vasectom\u00eda e invita a quienes necesiten que se la realicen, en el marco del Mes&nbsp; de la Salud Integral del Hombre, con el objetivo de impulsar a la poblaci\u00f3n masculina a participar activamente en el control de la natalidad.<\/p>\n\n\n\n<blockquote class=\"wp-block-quote is-layout-flow wp-block-quote-is-layout-flow\"><p>\u201cLa vasectom\u00eda es un m\u00e9todo de planificaci\u00f3n familiar definitivo en el hombre, el cual es 99% efectivo y se realiza en aproximadamente 20 a 30 minutos, sin requerir hospitalizaci\u00f3n y para lo cual, se utiliza anestesia local\u201d, se\u00f1al\u00f3 el doctor Ricardo Cort\u00e9s Mestizo, coordinador Auxiliar de Atenci\u00f3n M\u00e9dica Hospitalaria.<\/p><\/blockquote>\n\n\n\n<p>Agreg\u00f3 que, no existen contraindicaciones para practicar dicho procedimiento, solo que se est\u00e9 plenamente consciente de que ya se tiene la descendencia que desea, o que no desea tenerla.<\/p>\n\n\n\n<p>Adem\u00e1s, Cort\u00e9s Mestizo enfatiz\u00f3 que, en este a\u00f1o, se llevar\u00e1 a cabo una Jornada de Vasectom\u00edas del 17 al 30 noviembre, por lo que invit\u00f3 a las personas derechohabientes del IMSS que deseen aprovechar esta oportunidad y se acerquen a su Unidad de Medicina Familiar para ser programadas en el hospital de referencia.<\/p>\n\n\n\n<p>Finalmente, el coordinador recomend\u00f3 que si se tienen dudas respecto a este m\u00e9todo de planificaci\u00f3n o cualquier otro, el Seguro Social cuenta con los consultorios de Medicina Preventiva, con personal de Enfermer\u00eda perfectamente capacitado para brindar la informaci\u00f3n que se requiera.&nbsp;&nbsp;<\/p>\n","protected":false},"excerpt":{"rendered":"<p>El Instituto Mexicano del Seguro Social (IMSS) en Veracruz Norte informa sobre la vasectom\u00eda e invita a quienes necesiten que se la realicen, en el marco del Mes&nbsp; de la Salud Integral del Hombre, con el objetivo de impulsar a la poblaci\u00f3n masculina a participar activamente en el control de la natalidad. \u201cLa vasectom\u00eda es [&hellip;]<\/p>\n","protected":false},"author":35,"featured_media":129278,"comment_status":"open","ping_status":"open","sticky":false,"template":"","format":"standard","meta":{"_monsterinsights_skip_tracking":false,"_monsterinsights_sitenote_active":false,"_monsterinsights_sitenote_note":"","_monsterinsights_sitenote_category":0,"footnotes":""},"categories":[154],"tags":[9080,28292,1477,1720,180],"class_list":["post-129275","post","type-post","status-publish","format-standard","has-post-thumbnail","hentry","category-veracruz","tag-masculina","tag-orienta","tag-poblacion","tag-vasectomia","tag-veracruz","wp-image-borders"],"amp_enabled":true,"_links":{"self":[{"href":"https:\/\/nvnoticias.mx\/index.php\/wp-json\/wp\/v2\/posts\/129275","targetHints":{"allow":["GET"]}}],"collection":[{"href":"https:\/\/nvnoticias.mx\/index.php\/wp-json\/wp\/v2\/posts"}],"about":[{"href":"https:\/\/nvnoticias.mx\/index.php\/wp-json\/wp\/v2\/types\/post"}],"author":[{"embeddable":true,"href":"https:\/\/nvnoticias.mx\/index.php\/wp-json\/wp\/v2\/users\/35"}],"replies":[{"embeddable":true,"href":"https:\/\/nvnoticias.mx\/index.php\/wp-json\/wp\/v2\/comments?post=129275"}],"version-history":[{"count":1,"href":"https:\/\/nvnoticias.mx\/index.php\/wp-json\/wp\/v2\/posts\/129275\/revisions"}],"predecessor-version":[{"id":129279,"href":"https:\/\/nvnoticias.mx\/index.php\/wp-json\/wp\/v2\/posts\/129275\/revisions\/129279"}],"wp:featuredmedia":[{"embeddable":true,"href":"https:\/\/nvnoticias.mx\/index.php\/wp-json\/wp\/v2\/media\/129278"}],"wp:attachment":[{"href":"https:\/\/nvnoticias.mx\/index.php\/wp-json\/wp\/v2\/media?parent=129275"}],"wp:term":[{"taxonomy":"category","embeddable":true,"href":"https:\/\/nvnoticias.mx\/index.php\/wp-json\/wp\/v2\/categories?post=129275"},{"taxonomy":"post_tag","embeddable":true,"href":"https:\/\/nvnoticias.mx\/index.php\/wp-json\/wp\/v2\/tags?post=129275"}],"curies":[{"name":"wp","href":"https:\/\/api.w.org\/{rel}","templated":true}]}}