{"id":129024,"date":"2023-11-13T19:55:49","date_gmt":"2023-11-14T01:55:49","guid":{"rendered":"https:\/\/nvnoticias.mx\/?p=129024"},"modified":"2023-11-13T19:55:50","modified_gmt":"2023-11-14T01:55:50","slug":"zenyazen-escobar-asegura-que-no-regresara-a-la-sev","status":"publish","type":"post","link":"https:\/\/nvnoticias.mx\/index.php\/2023\/11\/13\/zenyazen-escobar-asegura-que-no-regresara-a-la-sev\/","title":{"rendered":"Zenyazen Escobar asegura que no regresar\u00e1 a la SEV"},"content":{"rendered":"\n<p><strong>\u00c1ngel Hern\u00e1ndez \/ NV Noticias<\/strong><\/p>\n\n\n\n<p>Despu\u00e9s de haberse dado a conocer los resultados de la encuesta interna de la coalici\u00f3n Morena-PT-PVEM, donde se design\u00f3 a Roc\u00edo Nahle como Coordinadora de los Comit\u00e9s de Defensa de la Cuarta Transformaci\u00f3n en Veracruz, Zenyazen Escobar, quien tambi\u00e9n contend\u00eda para ser coordinador del movimiento, mencion\u00f3 que ahora caminar\u00e1 y ayudar\u00e1 a la conformaci\u00f3n de los m\u00e1s de 12 mil comit\u00e9s en el estado.<\/p>\n\n\n\n<p>Asegur\u00f3 que entre sus planes no est\u00e1 el regresar a la Secretar\u00eda de Educaci\u00f3n de Veracruz (SEV), ni tampoco contender para alg\u00fan otro cargo pol\u00edtico representando al partido Morena.<\/p>\n\n\n\n<blockquote class=\"wp-block-quote is-layout-flow wp-block-quote-is-layout-flow\"><p>\u201c<em>Yo no voy a regresar a la Secretar\u00eda, me ha pedido la coordinadora caminar con ella y ayudarla a la conformaci\u00f3n de comit\u00e9s, m\u00e1s de 12 mil comit\u00e9s son los que tenemos a lo largo y ancho del estado de Veracruz, y yo estar\u00e9 caminando con la ingeniera Roc\u00edo Nahle para la conformaci\u00f3n de estos comit\u00e9s<\/em>\u201d, expres\u00f3.<\/p><\/blockquote>\n\n\n\n<p>Respecto a su supuesta candidatura para el senado, el extitular de la SEV mencion\u00f3 que ser\u00e1 el exdelegado federal del Bienestar, Manuel Huerta, qui\u00e9n lleve la coordinaci\u00f3n por el federalismo.<\/p>\n\n\n\n<blockquote class=\"wp-block-quote is-layout-flow wp-block-quote-is-layout-flow\"><p>\u201c<em>Yo no estoy aqu\u00ed por un cargo, nunca lo he estado, sino por una transformaci\u00f3n social en el estado de Veracruz<\/em>\u201d, indic\u00f3.<\/p><\/blockquote>\n\n\n\n<p>Record\u00f3 que durante el tiempo que estuvo a cargo de la Secretar\u00eda de Educaci\u00f3n en Veracruz, se registr\u00f3 un avance sustancial en el sistema educativo.<\/p>\n\n\n\n<p>Zenyazen Escobar fue participe de la reuni\u00f3n por los Comit\u00e9s de la Cuarta Transformaci\u00f3n en Veracruz, misma que se llev\u00f3 a cabo de manera privada la tarde de este domingo en un conocido hotel de Boca del R\u00edo.<\/p>\n","protected":false},"excerpt":{"rendered":"<p>\u00c1ngel Hern\u00e1ndez \/ NV Noticias Despu\u00e9s de haberse dado a conocer los resultados de la encuesta interna de la coalici\u00f3n Morena-PT-PVEM, donde se design\u00f3 a Roc\u00edo Nahle como Coordinadora de los Comit\u00e9s de Defensa de la Cuarta Transformaci\u00f3n en Veracruz, Zenyazen Escobar, quien tambi\u00e9n contend\u00eda para ser coordinador del movimiento, mencion\u00f3 que ahora caminar\u00e1 y [&hellip;]<\/p>\n","protected":false},"author":8,"featured_media":129025,"comment_status":"open","ping_status":"open","sticky":false,"template":"","format":"standard","meta":{"_monsterinsights_skip_tracking":false,"_monsterinsights_sitenote_active":false,"_monsterinsights_sitenote_note":"","_monsterinsights_sitenote_category":0,"footnotes":""},"categories":[154],"tags":[1001,2991],"class_list":["post-129024","post","type-post","status-publish","format-standard","has-post-thumbnail","hentry","category-veracruz","tag-sev","tag-zenyazen-escobar-garcia","wp-image-borders"],"amp_enabled":true,"_links":{"self":[{"href":"https:\/\/nvnoticias.mx\/index.php\/wp-json\/wp\/v2\/posts\/129024","targetHints":{"allow":["GET"]}}],"collection":[{"href":"https:\/\/nvnoticias.mx\/index.php\/wp-json\/wp\/v2\/posts"}],"about":[{"href":"https:\/\/nvnoticias.mx\/index.php\/wp-json\/wp\/v2\/types\/post"}],"author":[{"embeddable":true,"href":"https:\/\/nvnoticias.mx\/index.php\/wp-json\/wp\/v2\/users\/8"}],"replies":[{"embeddable":true,"href":"https:\/\/nvnoticias.mx\/index.php\/wp-json\/wp\/v2\/comments?post=129024"}],"version-history":[{"count":1,"href":"https:\/\/nvnoticias.mx\/index.php\/wp-json\/wp\/v2\/posts\/129024\/revisions"}],"predecessor-version":[{"id":129026,"href":"https:\/\/nvnoticias.mx\/index.php\/wp-json\/wp\/v2\/posts\/129024\/revisions\/129026"}],"wp:featuredmedia":[{"embeddable":true,"href":"https:\/\/nvnoticias.mx\/index.php\/wp-json\/wp\/v2\/media\/129025"}],"wp:attachment":[{"href":"https:\/\/nvnoticias.mx\/index.php\/wp-json\/wp\/v2\/media?parent=129024"}],"wp:term":[{"taxonomy":"category","embeddable":true,"href":"https:\/\/nvnoticias.mx\/index.php\/wp-json\/wp\/v2\/categories?post=129024"},{"taxonomy":"post_tag","embeddable":true,"href":"https:\/\/nvnoticias.mx\/index.php\/wp-json\/wp\/v2\/tags?post=129024"}],"curies":[{"name":"wp","href":"https:\/\/api.w.org\/{rel}","templated":true}]}}