{"id":1287,"date":"2021-01-15T16:42:02","date_gmt":"2021-01-15T22:42:02","guid":{"rendered":"https:\/\/nvnoticias.mx\/?p=1287"},"modified":"2021-01-15T16:42:03","modified_gmt":"2021-01-15T22:42:03","slug":"tras-dos-anos-detienen-a-presunto-homicida-de-activista-en-veracruz","status":"publish","type":"post","link":"https:\/\/nvnoticias.mx\/index.php\/2021\/01\/15\/tras-dos-anos-detienen-a-presunto-homicida-de-activista-en-veracruz\/","title":{"rendered":"Tras dos a\u00f1os, detienen a presunto homicida de activista en Veracruz"},"content":{"rendered":"\n<p>Sam Ojeda\u00a0\/ NV Noticias <br><br>Xalapa.- Casi dos a\u00f1os despu\u00e9s del asesinato del activista Abiram Hern\u00e1ndez, ocurrido la madrugada del 30 de marzo de 2019, la Fiscal\u00eda General de Veracruz (FGE) detuvo a su presunto homicida.\u00a0<br><br>Se trata de la detenci\u00f3n de Alfredo \u201cN\u201d, por su presunta responsabilidad del delito de homicidio calificado en agravio del activista Abir\u00e1m Hern\u00e1ndez Fern\u00e1ndez.\u00a0<br><br>La fiscal general Ver\u00f3nica Hern\u00e1ndez Giadans indic\u00f3 que la audiencia inicial est\u00e1 prevista a realizarse en pr\u00f3ximas fechas.\u00a0<br><br>La madrugada del s\u00e1bado 30 de marzo d 2019, Abiram Hern\u00e1ndez Fern\u00e1ndez fue encontrado al interior de su vivienda; uno de sus hermanos descubri\u00f3 su cuerpo golpeado y sin vida.\u00a0<br><br>Hasta ese momento este era el sexto defensor de derechos humanos asesinado durante el primer a\u00f1o de Gobierno de Cuitl\u00e1huac Garc\u00eda Jim\u00e9nez.\u00a0<br><br>Meses m\u00e1s tarde, el secretario de Gobierno, Eric Cisneros Burgos acus\u00f3 que la Fiscal\u00eda General del Estado, entonces a cargo de Jorge Winckler Ortiz, omiti\u00f3 informaci\u00f3n en la carpeta de investigaci\u00f3n.\u00a0<br><br>\u201cHubo cierta recopilaci\u00f3n de informaci\u00f3n en su momento y no fueron incorporadas en la carpeta de investigaci\u00f3n y puede haber responsabilidades contra los que integraron en su momento el inicio de esa carpeta, hubo omisiones y habr\u00e1 que revisarlos, hay una posibilidad de que esto se atraiga por parte de la Fiscal\u00eda Anticorrupci\u00f3n\u201d.\u00a0<br><br><\/p>\n","protected":false},"excerpt":{"rendered":"<p>Se trata de la detenci\u00f3n de Alfredo \u201cN\u201d, por su presunta responsabilidad del delito de homicidio calificado en agravio del activista Abir\u00e1m Hern\u00e1ndez Fern\u00e1ndez. <\/p>\n","protected":false},"author":6,"featured_media":1288,"comment_status":"open","ping_status":"open","sticky":false,"template":"","format":"standard","meta":{"_monsterinsights_skip_tracking":false,"_monsterinsights_sitenote_active":false,"_monsterinsights_sitenote_note":"","_monsterinsights_sitenote_category":0,"footnotes":""},"categories":[154],"tags":[336,428,162,180],"class_list":["post-1287","post","type-post","status-publish","format-standard","has-post-thumbnail","hentry","category-veracruz","tag-crimen","tag-detencion","tag-portada","tag-veracruz","wp-image-borders"],"amp_enabled":true,"_links":{"self":[{"href":"https:\/\/nvnoticias.mx\/index.php\/wp-json\/wp\/v2\/posts\/1287","targetHints":{"allow":["GET"]}}],"collection":[{"href":"https:\/\/nvnoticias.mx\/index.php\/wp-json\/wp\/v2\/posts"}],"about":[{"href":"https:\/\/nvnoticias.mx\/index.php\/wp-json\/wp\/v2\/types\/post"}],"author":[{"embeddable":true,"href":"https:\/\/nvnoticias.mx\/index.php\/wp-json\/wp\/v2\/users\/6"}],"replies":[{"embeddable":true,"href":"https:\/\/nvnoticias.mx\/index.php\/wp-json\/wp\/v2\/comments?post=1287"}],"version-history":[{"count":1,"href":"https:\/\/nvnoticias.mx\/index.php\/wp-json\/wp\/v2\/posts\/1287\/revisions"}],"predecessor-version":[{"id":1289,"href":"https:\/\/nvnoticias.mx\/index.php\/wp-json\/wp\/v2\/posts\/1287\/revisions\/1289"}],"wp:featuredmedia":[{"embeddable":true,"href":"https:\/\/nvnoticias.mx\/index.php\/wp-json\/wp\/v2\/media\/1288"}],"wp:attachment":[{"href":"https:\/\/nvnoticias.mx\/index.php\/wp-json\/wp\/v2\/media?parent=1287"}],"wp:term":[{"taxonomy":"category","embeddable":true,"href":"https:\/\/nvnoticias.mx\/index.php\/wp-json\/wp\/v2\/categories?post=1287"},{"taxonomy":"post_tag","embeddable":true,"href":"https:\/\/nvnoticias.mx\/index.php\/wp-json\/wp\/v2\/tags?post=1287"}],"curies":[{"name":"wp","href":"https:\/\/api.w.org\/{rel}","templated":true}]}}