{"id":12866,"date":"2021-05-10T12:10:59","date_gmt":"2021-05-10T17:10:59","guid":{"rendered":"https:\/\/nvnoticias.mx\/?p=12866"},"modified":"2021-05-10T12:11:01","modified_gmt":"2021-05-10T17:11:01","slug":"podrian-estar-mas-de-3-mil-restos-de-desaparecidos-en-panteones-de-veracruz","status":"publish","type":"post","link":"https:\/\/nvnoticias.mx\/index.php\/2021\/05\/10\/podrian-estar-mas-de-3-mil-restos-de-desaparecidos-en-panteones-de-veracruz\/","title":{"rendered":"Podr\u00edan estar m\u00e1s de 3 mil restos de desaparecidos en panteones de Veracruz"},"content":{"rendered":"\n<p><strong>Jes\u00fas Utrilla \/ NV Noticias <\/strong><\/p>\n\n\n\n<p>En una fosa com\u00fan de cementerios del municipio de Veracruz podr\u00edan estar los restos de m\u00e1s de 3 mil personas reportadas como desaparecidas, se\u00f1al\u00f3 Luc\u00eda D\u00edaz Genao, presidenta del Colectivo Solecito.<\/p>\n\n\n\n<p>Por motivo de la investigaci\u00f3n no especific\u00f3 en qu\u00e9 pante\u00f3n podr\u00edan encontrarse, sin embargo, mencion\u00f3 que realizar\u00e1n la inspecci\u00f3n correspondiente.<\/p>\n\n\n\n<p>La recuperaci\u00f3n ser\u00e1 masiva, por lo que se necesitar\u00e1n peritos, lugares de resguardo, gen\u00e9tica, entre otros.<\/p>\n\n\n\n<blockquote class=\"wp-block-quote is-layout-flow wp-block-quote-is-layout-flow\"><p><em>\u201cNosotros tenemos detectada una fosa aqu\u00ed, m\u00e1s de 3 mil cuerpos sin identidad ni nada. Los est\u00e1n buscando sus familias. Tengo detectado con documento oficial m\u00e1s de 3 mil cuerpos, tengo el documento oficial. Est\u00e1n en calidad de desconocidos. Las familias los est\u00e1n buscando, tal vez no est\u00e1n activos como nosotras pero los est\u00e1n esperando en su casa\u201d.<\/em><\/p><\/blockquote>\n\n\n\n<p>Por otro lado coment\u00f3 que la fosa clandestina de Arbolillo podr\u00eda ser m\u00e1s grande que el encontrada en colinas de Santa Fe, sin embargo, la identificaci\u00f3n de restos avanza lentamente.<\/p>\n\n\n\n<p>Acus\u00f3 que a pesar que en fosas se encontraron celulares, c\u00e9dulas profesionales, credenciales de elector, ropa, accesorios y otros objetos las autoridades no identifican los restos.<\/p>\n\n\n\n<p>Las acus\u00f3 de omisas,\u00a0 pues con el trabajo del colectivo se\u00a0 identific\u00f3 30 cuerpos de 300 en Colinas de Santa Fe y 16 de 45 en Arbolillo, aunque hay m\u00e1s de 200 restos y siguen encontrando m\u00e1s.<\/p>\n\n\n\n<p>Tambi\u00e9n inform\u00f3 que Nogales se constituye un centro de investigaci\u00f3n forense.<br>Integrantes de colectivos de desaparecidos realizar un pase de lista en el malec\u00f3n de la ciudad de Veracruz.<\/p>\n\n\n\n<p>Las madres de familia colocaron fotograf\u00edas y solicitaron el apoyo de la comunidad para encontrar a sus hijos, esposos y dem\u00e1s familiares que est\u00e1n en calidad de desaparecidos.<\/p>\n\n\n\n<p>Dijeron que no tiene nada que festejar este 10 de mayo y por el contrario luego de la parte \u00e1lgida de la pandemia del coronavirus reactivar\u00e1n las brigadas de b\u00fasqueda.<\/p>\n","protected":false},"excerpt":{"rendered":"<p>Jes\u00fas Utrilla \/ NV Noticias En una fosa com\u00fan de cementerios del municipio de Veracruz podr\u00edan estar los restos de m\u00e1s de 3 mil personas reportadas como desaparecidas, se\u00f1al\u00f3 Luc\u00eda D\u00edaz Genao, presidenta del Colectivo Solecito. Por motivo de la investigaci\u00f3n no especific\u00f3 en qu\u00e9 pante\u00f3n podr\u00edan encontrarse, sin embargo, mencion\u00f3 que realizar\u00e1n la inspecci\u00f3n [&hellip;]<\/p>\n","protected":false},"author":6,"featured_media":12867,"comment_status":"open","ping_status":"open","sticky":false,"template":"","format":"standard","meta":{"_monsterinsights_skip_tracking":false,"_monsterinsights_sitenote_active":false,"_monsterinsights_sitenote_note":"","_monsterinsights_sitenote_category":0,"footnotes":""},"categories":[154],"tags":[950,1045,3564],"class_list":["post-12866","post","type-post","status-publish","format-standard","has-post-thumbnail","hentry","category-veracruz","tag-desaparecidos","tag-panteones","tag-restos","wp-image-borders"],"amp_enabled":true,"_links":{"self":[{"href":"https:\/\/nvnoticias.mx\/index.php\/wp-json\/wp\/v2\/posts\/12866","targetHints":{"allow":["GET"]}}],"collection":[{"href":"https:\/\/nvnoticias.mx\/index.php\/wp-json\/wp\/v2\/posts"}],"about":[{"href":"https:\/\/nvnoticias.mx\/index.php\/wp-json\/wp\/v2\/types\/post"}],"author":[{"embeddable":true,"href":"https:\/\/nvnoticias.mx\/index.php\/wp-json\/wp\/v2\/users\/6"}],"replies":[{"embeddable":true,"href":"https:\/\/nvnoticias.mx\/index.php\/wp-json\/wp\/v2\/comments?post=12866"}],"version-history":[{"count":1,"href":"https:\/\/nvnoticias.mx\/index.php\/wp-json\/wp\/v2\/posts\/12866\/revisions"}],"predecessor-version":[{"id":12868,"href":"https:\/\/nvnoticias.mx\/index.php\/wp-json\/wp\/v2\/posts\/12866\/revisions\/12868"}],"wp:featuredmedia":[{"embeddable":true,"href":"https:\/\/nvnoticias.mx\/index.php\/wp-json\/wp\/v2\/media\/12867"}],"wp:attachment":[{"href":"https:\/\/nvnoticias.mx\/index.php\/wp-json\/wp\/v2\/media?parent=12866"}],"wp:term":[{"taxonomy":"category","embeddable":true,"href":"https:\/\/nvnoticias.mx\/index.php\/wp-json\/wp\/v2\/categories?post=12866"},{"taxonomy":"post_tag","embeddable":true,"href":"https:\/\/nvnoticias.mx\/index.php\/wp-json\/wp\/v2\/tags?post=12866"}],"curies":[{"name":"wp","href":"https:\/\/api.w.org\/{rel}","templated":true}]}}