{"id":128652,"date":"2023-11-10T13:19:13","date_gmt":"2023-11-10T19:19:13","guid":{"rendered":"https:\/\/nvnoticias.mx\/?p=128652"},"modified":"2023-11-10T13:19:15","modified_gmt":"2023-11-10T19:19:15","slug":"cruz-azul-ya-tendria-nuevo-director-tecnico-para-el-siguiente-torneo","status":"publish","type":"post","link":"https:\/\/nvnoticias.mx\/index.php\/2023\/11\/10\/cruz-azul-ya-tendria-nuevo-director-tecnico-para-el-siguiente-torneo\/","title":{"rendered":"Cruz Azul ya tendr\u00eda nuevo director t\u00e9cnico para el siguiente torneo"},"content":{"rendered":"\n<p><strong>\u00c1ngel Hern\u00e1ndez \/ NV Noticias<\/strong><\/p>\n\n\n\n<p>El Club Deportivo Cruz Azul ya tendr\u00eda asegurado a quien ser\u00e1 el nuevo director t\u00e9cnico del equipo, de cara a la pr\u00f3xima campa\u00f1a. <\/p>\n\n\n\n<p>De acuerdo al medio deportivo TUDN, el nuevo estratega de la m\u00e1quina del Cruz Azul ser\u00eda Martin Anselmi, qui\u00e9n a\u00fan se desempe\u00f1a como t\u00e9cnico de Independiente del Valle, de Ecuador. <\/p>\n\n\n\n<p>Anselmi llegar\u00eda para el Clausura 2024, sustituyendo a Joaqu\u00edn Moreno, qui\u00e9n consumo un fracaso en este torneo de Apertura al no clasificar al menos al play Inn del torneo. <\/p>\n\n\n\n<p>Entre sus palmares destacan el campeonato de la Copa de Ecuador; Supercopa de Ecuador; Campe\u00f3n de la Copa Sudamericana y Campe\u00f3n de la Recopa Sudamericana. <\/p>\n\n\n\n<p>El nuevo director t\u00e9cnico de los celestes se sumar\u00eda a la reciente supuesta incorporaci\u00f3n del exfutbolista y ahora director deportivo Iv\u00e1n Alonso, quien tambi\u00e9n sustituir\u00eda al actual director deportivo de la m\u00e1quina, Oscar &#8220;Conejo&#8221; P\u00e9rez. <\/p>\n\n\n\n<p>Cabe se\u00f1alar que hasta el momento no se han emitido declaraciones oficiales en torno a estos dos casos, sin embrago, las especulaciones cada vez toman m\u00e1s valor en torno a la reestructuraci\u00f3n de la cual ser\u00eda objeto para el siguiente torneo la M\u00e1quina Cementera de Cruz Azul. <\/p>\n","protected":false},"excerpt":{"rendered":"<p>\u00c1ngel Hern\u00e1ndez \/ NV Noticias El Club Deportivo Cruz Azul ya tendr\u00eda asegurado a quien ser\u00e1 el nuevo director t\u00e9cnico del equipo, de cara a la pr\u00f3xima campa\u00f1a. De acuerdo al medio deportivo TUDN, el nuevo estratega de la m\u00e1quina del Cruz Azul ser\u00eda Martin Anselmi, qui\u00e9n a\u00fan se desempe\u00f1a como t\u00e9cnico de Independiente del [&hellip;]<\/p>\n","protected":false},"author":8,"featured_media":128653,"comment_status":"open","ping_status":"open","sticky":false,"template":"","format":"standard","meta":{"_monsterinsights_skip_tracking":false,"_monsterinsights_sitenote_active":false,"_monsterinsights_sitenote_note":"","_monsterinsights_sitenote_category":0,"footnotes":""},"categories":[159],"tags":[361,16565],"class_list":["post-128652","post","type-post","status-publish","format-standard","has-post-thumbnail","hentry","category-deportes","tag-cruz-azul","tag-director-tecnico","wp-image-borders"],"amp_enabled":true,"_links":{"self":[{"href":"https:\/\/nvnoticias.mx\/index.php\/wp-json\/wp\/v2\/posts\/128652","targetHints":{"allow":["GET"]}}],"collection":[{"href":"https:\/\/nvnoticias.mx\/index.php\/wp-json\/wp\/v2\/posts"}],"about":[{"href":"https:\/\/nvnoticias.mx\/index.php\/wp-json\/wp\/v2\/types\/post"}],"author":[{"embeddable":true,"href":"https:\/\/nvnoticias.mx\/index.php\/wp-json\/wp\/v2\/users\/8"}],"replies":[{"embeddable":true,"href":"https:\/\/nvnoticias.mx\/index.php\/wp-json\/wp\/v2\/comments?post=128652"}],"version-history":[{"count":1,"href":"https:\/\/nvnoticias.mx\/index.php\/wp-json\/wp\/v2\/posts\/128652\/revisions"}],"predecessor-version":[{"id":128654,"href":"https:\/\/nvnoticias.mx\/index.php\/wp-json\/wp\/v2\/posts\/128652\/revisions\/128654"}],"wp:featuredmedia":[{"embeddable":true,"href":"https:\/\/nvnoticias.mx\/index.php\/wp-json\/wp\/v2\/media\/128653"}],"wp:attachment":[{"href":"https:\/\/nvnoticias.mx\/index.php\/wp-json\/wp\/v2\/media?parent=128652"}],"wp:term":[{"taxonomy":"category","embeddable":true,"href":"https:\/\/nvnoticias.mx\/index.php\/wp-json\/wp\/v2\/categories?post=128652"},{"taxonomy":"post_tag","embeddable":true,"href":"https:\/\/nvnoticias.mx\/index.php\/wp-json\/wp\/v2\/tags?post=128652"}],"curies":[{"name":"wp","href":"https:\/\/api.w.org\/{rel}","templated":true}]}}