{"id":128605,"date":"2023-11-10T12:01:29","date_gmt":"2023-11-10T18:01:29","guid":{"rendered":"https:\/\/nvnoticias.mx\/?p=128605"},"modified":"2023-11-10T12:01:30","modified_gmt":"2023-11-10T18:01:30","slug":"el-aguila-presenta-cuerpo-tecnico-para-la-liga-mexicana-de-softbol-2024","status":"publish","type":"post","link":"https:\/\/nvnoticias.mx\/index.php\/2023\/11\/10\/el-aguila-presenta-cuerpo-tecnico-para-la-liga-mexicana-de-softbol-2024\/","title":{"rendered":"El \u00c1guila presenta Cuerpo T\u00e9cnico para la Liga Mexicana de Softbol 2024"},"content":{"rendered":"\n<p>La pasi\u00f3n y determinaci\u00f3n de las mujeres veracruzanas estar\u00e1n representadas en El \u00c1guila de Veracruz que competir\u00e1 en la Liga Mexicana de Softbol 2024 y tendr\u00e1n como m\u00e1nager a la cachanilla Flor Imperial.<\/p>\n\n\n\n<p>Flor Imperial Meza es originaria de Mexicali, Baja California, cuenta con una formaci\u00f3n acad\u00e9mica como Licenciada en Actividad F\u00edsica y Deportes por la Universidad Aut\u00f3noma de Baja California.<\/p>\n\n\n\n<p>La experiencia de Flor Imperial no solo es acad\u00e9mica, como jugadora le vali\u00f3 ser convocada a Selecci\u00f3n Mexicana de Softbol y actualmente es coach y m\u00e1nager de la Selecci\u00f3n Femenil de la Liga Magisterial de Mexicali.<\/p>\n\n\n\n<p>La dirigente de El Glorioso Femenil estar\u00e1 acompa\u00f1ada de un cuerpo t\u00e9cnico integrado por mujeres que han destacado en la pelota.<\/p>\n\n\n\n<p>Marlen Lagunes, originaria de Veracruz, ser\u00e1 la coach de las outfielders. Lagunes fue Premio Estatal del Deporte en 2019 en Deportes de conjunto y Mejor Jugadora del 2022 por la Federaci\u00f3n Mexicana de Beisbol, adem\u00e1s la veracruzana gan\u00f3 Bronce con la Selecci\u00f3n Mexicana de Beisbol en el Premundial en Venezuela 2022.<\/p>\n\n\n\n<p>Como coach de catchers estar\u00e1 Yamilet Lozano, originaria de Zumpango, Estado de M\u00e9xico. Lozano cuenta con experiencia en torneos nacionales de softbol en las categor\u00edas Sub22, Sub25 con la selecci\u00f3n de Guerrero, adem\u00e1s de participar en torneos internacionales con la selecci\u00f3n de Poza Rica. En el 2022, Yamilet tom\u00f3 dos turnos con El \u00c1guila de Veracruz en un juego de pretemporada en Zumpango.<\/p>\n\n\n\n<p>Esthela Segovia ser\u00e1 la coach de bateo. Segovia, de Tijuana, Baja California form\u00f3 parte de la Selecci\u00f3n Mexicana de Beisbol Femenil que logr\u00f3 por primera vez el pase a un mundial en 2019. La tijuanense con selecci\u00f3n tambi\u00e9n particip\u00f3 con M\u00e9xico en el Mundial Femenil Canad\u00e1 2023. Esthela Segovia estuvo preseleccionada nacional de Softbol en el 2013.<\/p>\n\n\n\n<p>En cuerpo t\u00e9cnico lo complementa Ana Tirado como fisioterapeuta, quien desde el 2021 desempe\u00f1a este mismo rol con El \u00c1guila en la LMB e Ysrael Rergis quien ser\u00e1 el trainner, quien adem\u00e1s de cumplir esta funci\u00f3n con Veracruz en la Liga Mexicana de Beisbol y en la Liga Invernal Mexicana, tambi\u00e9n fue el preparador f\u00edsico de la Selecci\u00f3n Mexicana Femenil de Softbol que compiti\u00f3 en Juegos Ol\u00edmpicos de Tokio 2020.<\/p>\n\n\n\n<p>Este cuerpo t\u00e9cnico es encabezado por la Gerente Deportiva, Andrea Valdez, originaria de Mazatl\u00e1n, Sinaloa y que es parte fundamental de la Direcci\u00f3n Deportiva de El \u00c1guila de Veracruz en la Liga Mexicana de Beisbol.<\/p>\n\n\n\n<p><strong>MUJERES VERACRUZANAS<\/strong><\/p>\n\n\n\n<p>Esta primera temporada de la Liga Mexicana de S\u00f3ftbol se la queremos dedicar a todas las mujeres veracruzanas que han roto esquemas y han marcado un precedente en M\u00e9xico: desde actrices, cantantes, cocineras, activistas, astronautas, maestras, deportistas, dise\u00f1adoras, investigadoras y escritoras, que al igual que las jugadoras de softbol pusieron out a las barreras de g\u00e9nero.<\/p>\n","protected":false},"excerpt":{"rendered":"<p>La pasi\u00f3n y determinaci\u00f3n de las mujeres veracruzanas estar\u00e1n representadas en El \u00c1guila de Veracruz que competir\u00e1 en la Liga Mexicana de Softbol 2024 y tendr\u00e1n como m\u00e1nager a la cachanilla Flor Imperial. Flor Imperial Meza es originaria de Mexicali, Baja California, cuenta con una formaci\u00f3n acad\u00e9mica como Licenciada en Actividad F\u00edsica y Deportes por [&hellip;]<\/p>\n","protected":false},"author":8,"featured_media":128608,"comment_status":"open","ping_status":"open","sticky":false,"template":"","format":"standard","meta":{"_monsterinsights_skip_tracking":false,"_monsterinsights_sitenote_active":false,"_monsterinsights_sitenote_note":"","_monsterinsights_sitenote_category":0,"footnotes":""},"categories":[159],"tags":[28213,1195,28214],"class_list":["post-128605","post","type-post","status-publish","format-standard","has-post-thumbnail","hentry","category-deportes","tag-cuerpo-tecnico","tag-el-aguila-de-veracruz","tag-liga-mexicana-de-softbol-2024","wp-image-borders"],"amp_enabled":true,"_links":{"self":[{"href":"https:\/\/nvnoticias.mx\/index.php\/wp-json\/wp\/v2\/posts\/128605","targetHints":{"allow":["GET"]}}],"collection":[{"href":"https:\/\/nvnoticias.mx\/index.php\/wp-json\/wp\/v2\/posts"}],"about":[{"href":"https:\/\/nvnoticias.mx\/index.php\/wp-json\/wp\/v2\/types\/post"}],"author":[{"embeddable":true,"href":"https:\/\/nvnoticias.mx\/index.php\/wp-json\/wp\/v2\/users\/8"}],"replies":[{"embeddable":true,"href":"https:\/\/nvnoticias.mx\/index.php\/wp-json\/wp\/v2\/comments?post=128605"}],"version-history":[{"count":1,"href":"https:\/\/nvnoticias.mx\/index.php\/wp-json\/wp\/v2\/posts\/128605\/revisions"}],"predecessor-version":[{"id":128609,"href":"https:\/\/nvnoticias.mx\/index.php\/wp-json\/wp\/v2\/posts\/128605\/revisions\/128609"}],"wp:featuredmedia":[{"embeddable":true,"href":"https:\/\/nvnoticias.mx\/index.php\/wp-json\/wp\/v2\/media\/128608"}],"wp:attachment":[{"href":"https:\/\/nvnoticias.mx\/index.php\/wp-json\/wp\/v2\/media?parent=128605"}],"wp:term":[{"taxonomy":"category","embeddable":true,"href":"https:\/\/nvnoticias.mx\/index.php\/wp-json\/wp\/v2\/categories?post=128605"},{"taxonomy":"post_tag","embeddable":true,"href":"https:\/\/nvnoticias.mx\/index.php\/wp-json\/wp\/v2\/tags?post=128605"}],"curies":[{"name":"wp","href":"https:\/\/api.w.org\/{rel}","templated":true}]}}