{"id":128429,"date":"2023-11-09T09:40:14","date_gmt":"2023-11-09T15:40:14","guid":{"rendered":"https:\/\/nvnoticias.mx\/?p=128429"},"modified":"2023-11-09T09:40:15","modified_gmt":"2023-11-09T15:40:15","slug":"arremete-amlo-contra-moreira-por-propuesta-para-destinar-pago-del-fobaproa-a-reconstruccion-de-acapulco","status":"publish","type":"post","link":"https:\/\/nvnoticias.mx\/index.php\/2023\/11\/09\/arremete-amlo-contra-moreira-por-propuesta-para-destinar-pago-del-fobaproa-a-reconstruccion-de-acapulco\/","title":{"rendered":"Arremete AMLO contra Moreira por propuesta para destinar pago del Fobaproa a reconstrucci\u00f3n de Acapulco"},"content":{"rendered":"\n<p>Andr\u00e9s Manuel L\u00f3pez Obrador se lanz\u00f3 contra el diputado Rub\u00e9n Moreira del PRI por presentar una propuesta para recortar los recursos asignados al\u00a0<strong>Fobaproa\u00a0<\/strong>en el\u00a0<strong>Presupuesto 2024<\/strong>\u00a0con el prop\u00f3sito de destinarlos a la reconstrucci\u00f3n de Acapulco.<\/p>\n\n\n\n<blockquote class=\"wp-block-quote is-layout-flow wp-block-quote-is-layout-flow\"><p>\u201cDe lo m\u00e1s rampl\u00f3n en la politiquer\u00eda, en la demagogia, si ellos fueron los que aprobaron lo del Fobaproa, que se rescatara a los banqueros, a los grandes empresarios y qu\u00e9 quiere presumir con sombrero ajeno, imag\u00ednense que no se pagan los intereses del Fobaproa como \u00e9l estaba planteando, f\u00edjense lo irresponsable pero adem\u00e1s lo elemental y corriente\u201d, critic\u00f3.<\/p><\/blockquote>\n\n\n\n<hr class=\"wp-block-separator\"\/>\n\n\n\n<p>El mandatario asegur\u00f3 que esta medida no es necesaria porque hay presupuesto suficiente para atender Acapulco y le propuso destinar el dinero confiscado a Javier Villareal, tesorero de Coahuila durante el gobierno de su hermano\u00a0Humberto Moreira\u00a0(2005-2011), y que asciende a\u00a0<strong>m\u00e1s de 246 millones de d\u00f3lares<\/strong>.<\/p>\n\n\n\n<blockquote class=\"wp-block-quote is-layout-flow wp-block-quote-is-layout-flow\"><p>\u201cEso hubiese estado mejor, que dijera lo del tesorero de Moreira que se comprometi\u00f3 el gobierno de Estados Unidos a regresarlo y que todav\u00eda no, bueno aqu\u00ed estoy seguro de que le van a informar a Ken Salazar que nos falta ese dinero que no ha llegado y ya van como seis meses\u201d, record\u00f3.<\/p><\/blockquote>\n\n\n\n<p>La propuesta de Rub\u00e9n Moreira consist\u00eda en recortar 50 mil millones de los 62 mil millones de pesos asignados al pago del\u00a0<strong>Fobaproa\u00a0<\/strong>en el\u00a0Presupuesto de Egresos de la Federaci\u00f3n (PEF) 2024. El legislador buscaba que ese dinero fuera redirigido a la reconstrucci\u00f3n de Acapulco por lo que present\u00f3 una reserva al proyecto presentado en la C\u00e1mara de Diputados, sin embargo, diputados de Morena rechazaron discutirla.<\/p>\n\n\n\n<blockquote class=\"wp-block-quote is-layout-flow wp-block-quote-is-layout-flow\"><p>\u201cImag\u00ednense que nosotros decimos, no vamos a pagar los intereses, \u00bfqu\u00e9 quieren, que se precipite una crisis econ\u00f3mica financiera? \u00bfEso es lo que buscan? Est\u00e1n realmente muy despistados\u201d, arremeti\u00f3 L\u00f3pez Obrador esta ma\u00f1ana.<\/p><\/blockquote>\n\n\n\n<p>Fuente: El Financiero <\/p>\n","protected":false},"excerpt":{"rendered":"<p>Andr\u00e9s Manuel L\u00f3pez Obrador se lanz\u00f3 contra el diputado Rub\u00e9n Moreira del PRI por presentar una propuesta para recortar los recursos asignados al\u00a0Fobaproa\u00a0en el\u00a0Presupuesto 2024\u00a0con el prop\u00f3sito de destinarlos a la reconstrucci\u00f3n de Acapulco. \u201cDe lo m\u00e1s rampl\u00f3n en la politiquer\u00eda, en la demagogia, si ellos fueron los que aprobaron lo del Fobaproa, que se [&hellip;]<\/p>\n","protected":false},"author":35,"featured_media":73892,"comment_status":"open","ping_status":"open","sticky":false,"template":"","format":"standard","meta":{"_monsterinsights_skip_tracking":false,"_monsterinsights_sitenote_active":false,"_monsterinsights_sitenote_note":"","_monsterinsights_sitenote_category":0,"footnotes":""},"categories":[158],"tags":[6001,188,5458,28194,6423,3164,7756,28045],"class_list":["post-128429","post","type-post","status-publish","format-standard","has-post-thumbnail","hentry","category-politica","tag-acapulco","tag-amlo","tag-arremete","tag-fobaproa","tag-pago","tag-propuesta","tag-reconstruccion","tag-ruben-moreira","wp-image-borders"],"amp_enabled":true,"_links":{"self":[{"href":"https:\/\/nvnoticias.mx\/index.php\/wp-json\/wp\/v2\/posts\/128429","targetHints":{"allow":["GET"]}}],"collection":[{"href":"https:\/\/nvnoticias.mx\/index.php\/wp-json\/wp\/v2\/posts"}],"about":[{"href":"https:\/\/nvnoticias.mx\/index.php\/wp-json\/wp\/v2\/types\/post"}],"author":[{"embeddable":true,"href":"https:\/\/nvnoticias.mx\/index.php\/wp-json\/wp\/v2\/users\/35"}],"replies":[{"embeddable":true,"href":"https:\/\/nvnoticias.mx\/index.php\/wp-json\/wp\/v2\/comments?post=128429"}],"version-history":[{"count":2,"href":"https:\/\/nvnoticias.mx\/index.php\/wp-json\/wp\/v2\/posts\/128429\/revisions"}],"predecessor-version":[{"id":128431,"href":"https:\/\/nvnoticias.mx\/index.php\/wp-json\/wp\/v2\/posts\/128429\/revisions\/128431"}],"wp:featuredmedia":[{"embeddable":true,"href":"https:\/\/nvnoticias.mx\/index.php\/wp-json\/wp\/v2\/media\/73892"}],"wp:attachment":[{"href":"https:\/\/nvnoticias.mx\/index.php\/wp-json\/wp\/v2\/media?parent=128429"}],"wp:term":[{"taxonomy":"category","embeddable":true,"href":"https:\/\/nvnoticias.mx\/index.php\/wp-json\/wp\/v2\/categories?post=128429"},{"taxonomy":"post_tag","embeddable":true,"href":"https:\/\/nvnoticias.mx\/index.php\/wp-json\/wp\/v2\/tags?post=128429"}],"curies":[{"name":"wp","href":"https:\/\/api.w.org\/{rel}","templated":true}]}}