{"id":128418,"date":"2023-11-09T09:23:07","date_gmt":"2023-11-09T15:23:07","guid":{"rendered":"https:\/\/nvnoticias.mx\/?p=128418"},"modified":"2023-11-09T09:23:09","modified_gmt":"2023-11-09T15:23:09","slug":"hace-amlo-llamado-para-asistir-al-abierto-mexicano-de-tenis-en-acapulco","status":"publish","type":"post","link":"https:\/\/nvnoticias.mx\/index.php\/2023\/11\/09\/hace-amlo-llamado-para-asistir-al-abierto-mexicano-de-tenis-en-acapulco\/","title":{"rendered":"Hace AMLO llamado para asistir al Abierto Mexicano de Tenis en Acapulco"},"content":{"rendered":"\n<p>El presidente\u00a0<strong>Andr\u00e9s Manuel L\u00f3pez Obrador\u00a0<\/strong>confirm\u00f3 esta ma\u00f1ana que la XXXI edici\u00f3n del\u00a0Abierto Mexicano de Tenis\u00a0se realizar\u00e1 en Acapulco, tambi\u00e9n\u00a0hizo un llamado para asistir al evento.\u00a0\u00a0<\/p>\n\n\n\n<p>Durante su conferencia matutina en Palacio Nacional, el mandatario dijo que mantener la participaci\u00f3n en el evento ayudar\u00e1 en las labores de reconstrucci\u00f3n del puerto, severamente da\u00f1ado tras el paso del\u00a0<strong>hurac\u00e1n\u00a0<em>Otis<\/em>.\u00a0<\/strong><\/p>\n\n\n\n<blockquote class=\"wp-block-quote is-layout-flow wp-block-quote-is-layout-flow\"><p>&#8220;Me compromet\u00ed a ver el tema, porque para febrero las personas ya estar\u00e1n en sus casas y en normalidad&#8221;, dijo el mandatario. Adem\u00e1s se\u00f1al\u00f3 que sostuvo una reuni\u00f3n con empresarios del sector,&nbsp; y se logr\u00f3 un acuerdo para garantizar hasta 3 mil cuartos de hotel para la fecha del Abierto.&nbsp;<\/p><\/blockquote>\n\n\n\n<p>&#8220;Estuvimos reunidos con empresarios y llegamos al acuerdo para que se tengan m\u00e1s de 3 mil habitaciones para marzo o abril&#8221;, coment\u00f3.&nbsp;<br><\/p>\n\n\n\n<blockquote class=\"wp-block-quote is-layout-flow wp-block-quote-is-layout-flow\"><p>&#8220;Me dec\u00eda que ayud\u00e1ramos para que la gente no rechazara el evento con la idea de que es un evento elitista, y que la gente necesita ser atendida antes de tener un evento internacional de tenis&#8221;, agreg\u00f3.<\/p><\/blockquote>\n\n\n\n<p>Ayer se inform\u00f3 que los\u00a0organizadores\u00a0del Abierto\u00a0Mexicano\u00a0de Tenis, programado para el 26 de febrero al 2 de marzo de 2024, analizan otras opciones para realizar el evento.<br><\/p>\n\n\n\n<blockquote class=\"wp-block-quote is-layout-flow wp-block-quote-is-layout-flow\"><p>&#8220;El pasado lunes 6 de noviembre, directivos y un equipo de Mextenis visitaron las instalaciones de la Arena GNP, para revisar las condiciones en las que se encuentra el complejo. Luego de la visita, Mextenis se reunir\u00e1 con todas las partes implicadas para estudiar, evaluar y analizar los diferentes escenarios para celebrar la edici\u00f3n XXXI del torneo en 2024 y dar\u00e1n a conocer una decisi\u00f3n lo antes posible\u201d, indic\u00f3 un comunicado.<\/p><\/blockquote>\n\n\n\n<p>Fuente: <a href=\"https:\/\/www.milenio.com\/deportes\/tenis\/amlo-llamado-asistir-abierto-mexicano-tenis\" data-type=\"URL\" data-id=\"https:\/\/www.milenio.com\/deportes\/tenis\/amlo-llamado-asistir-abierto-mexicano-tenis\">Milenio<\/a> <\/p>\n","protected":false},"excerpt":{"rendered":"<p>El presidente\u00a0Andr\u00e9s Manuel L\u00f3pez Obrador\u00a0confirm\u00f3 esta ma\u00f1ana que la XXXI edici\u00f3n del\u00a0Abierto Mexicano de Tenis\u00a0se realizar\u00e1 en Acapulco, tambi\u00e9n\u00a0hizo un llamado para asistir al evento.\u00a0\u00a0 Durante su conferencia matutina en Palacio Nacional, el mandatario dijo que mantener la participaci\u00f3n en el evento ayudar\u00e1 en las labores de reconstrucci\u00f3n del puerto, severamente da\u00f1ado tras el paso [&hellip;]<\/p>\n","protected":false},"author":35,"featured_media":3302,"comment_status":"open","ping_status":"open","sticky":false,"template":"","format":"standard","meta":{"_monsterinsights_skip_tracking":false,"_monsterinsights_sitenote_active":false,"_monsterinsights_sitenote_note":"","_monsterinsights_sitenote_category":0,"footnotes":""},"categories":[159],"tags":[10968,6001,188,13171,10910,162],"class_list":["post-128418","post","type-post","status-publish","format-standard","has-post-thumbnail","hentry","category-deportes","tag-abierto-mexicano-de-tenis","tag-acapulco","tag-amlo","tag-asistir","tag-llamado","tag-portada","wp-image-borders"],"amp_enabled":true,"_links":{"self":[{"href":"https:\/\/nvnoticias.mx\/index.php\/wp-json\/wp\/v2\/posts\/128418","targetHints":{"allow":["GET"]}}],"collection":[{"href":"https:\/\/nvnoticias.mx\/index.php\/wp-json\/wp\/v2\/posts"}],"about":[{"href":"https:\/\/nvnoticias.mx\/index.php\/wp-json\/wp\/v2\/types\/post"}],"author":[{"embeddable":true,"href":"https:\/\/nvnoticias.mx\/index.php\/wp-json\/wp\/v2\/users\/35"}],"replies":[{"embeddable":true,"href":"https:\/\/nvnoticias.mx\/index.php\/wp-json\/wp\/v2\/comments?post=128418"}],"version-history":[{"count":3,"href":"https:\/\/nvnoticias.mx\/index.php\/wp-json\/wp\/v2\/posts\/128418\/revisions"}],"predecessor-version":[{"id":128421,"href":"https:\/\/nvnoticias.mx\/index.php\/wp-json\/wp\/v2\/posts\/128418\/revisions\/128421"}],"wp:featuredmedia":[{"embeddable":true,"href":"https:\/\/nvnoticias.mx\/index.php\/wp-json\/wp\/v2\/media\/3302"}],"wp:attachment":[{"href":"https:\/\/nvnoticias.mx\/index.php\/wp-json\/wp\/v2\/media?parent=128418"}],"wp:term":[{"taxonomy":"category","embeddable":true,"href":"https:\/\/nvnoticias.mx\/index.php\/wp-json\/wp\/v2\/categories?post=128418"},{"taxonomy":"post_tag","embeddable":true,"href":"https:\/\/nvnoticias.mx\/index.php\/wp-json\/wp\/v2\/tags?post=128418"}],"curies":[{"name":"wp","href":"https:\/\/api.w.org\/{rel}","templated":true}]}}