{"id":1284,"date":"2021-01-15T16:33:10","date_gmt":"2021-01-15T22:33:10","guid":{"rendered":"https:\/\/nvnoticias.mx\/?p=1284"},"modified":"2021-01-15T16:33:31","modified_gmt":"2021-01-15T22:33:31","slug":"desalojan-a-familias-de-la-laguna-olmeca","status":"publish","type":"post","link":"https:\/\/nvnoticias.mx\/index.php\/2021\/01\/15\/desalojan-a-familias-de-la-laguna-olmeca\/","title":{"rendered":"Desalojan a familias de la Laguna Olmeca"},"content":{"rendered":"\n<p><br><strong>Jes\u00fas Utrilla\u00a0\/ NV Noticias <\/strong><\/p>\n\n\n\n<p>Desalojaron a 14 familias de la Laguna Olmeca, utilizando la fuerza p\u00fablica.\u00a0<br>Los hechos se dieron cerca del distribuidor de la Cabeza Olmeca, en la que fueron destruidas las viviendas que se encontraban en el lugar.\u00a0<\/p>\n\n\n\n<p>Acudieron elementos de la Secretar\u00eda de Seguridad P\u00fablica y la Procuradur\u00eda del Medio Ambiente.\u00a0<\/p>\n\n\n\n<p>Las autoridades argumentaron que las casas fueron construidas en una zona prohibida por lo que ten\u00edan que desalojar de manera inmediata.\u00a0<br>Las familias argumentaron que se trataba de su \u00fanico patrimonio y que no tiene ning\u00fan otro lugar al cual ir.\u00a0<\/p>\n\n\n\n<p>Y es que en el lugar se encuentra la Laguna Olmeca y el relleno y las construcciones impactan en materia ambiental.\u00a0<br>Fueron derribadas con maquinaria casas de l\u00e1mina y detuvieron a un hombre por agredir la autoridad.\u00a0<\/p>\n\n\n\n<p>Cabe se\u00f1alar que las autoridades primeramente solicitaron a la gente sacar sus pertenencias de las viviendas, pues iban a ser destruidas, sin embargo, los habitantes opusieron resistencia y buscaron defender la permanencia de sus casas.\u00a0<\/p>\n\n\n\n<p>Hubo golpes y empujones entre las personas ya que al haberse negado al desalojo se utiliz\u00f3 la fuerza p\u00fablica.\u00a0<\/p>\n\n\n\n<p>Se trat\u00f3 de las casas ubicadas del lado de la avenida Miguel alem\u00e1n.\u00a0<\/p>\n\n\n\n<p>Cabe mencionar que el enfrentamiento comenz\u00f3 primeramente de manera verbal para despu\u00e9s tornarse f\u00edsica.\u00a0<br><br><br><\/p>\n","protected":false},"excerpt":{"rendered":"<p>Jes\u00fas Utrilla\u00a0\/ NV Noticias Desalojaron a 14 familias de la Laguna Olmeca, utilizando la fuerza p\u00fablica.\u00a0Los hechos se dieron cerca del distribuidor de la Cabeza Olmeca, en la que fueron destruidas las viviendas que se encontraban en el lugar.\u00a0 Acudieron elementos de la Secretar\u00eda de Seguridad P\u00fablica y la Procuradur\u00eda del Medio Ambiente.\u00a0 Las autoridades [&hellip;]<\/p>\n","protected":false},"author":6,"featured_media":1285,"comment_status":"open","ping_status":"open","sticky":false,"template":"","format":"standard","meta":{"_monsterinsights_skip_tracking":false,"_monsterinsights_sitenote_active":false,"_monsterinsights_sitenote_note":"","_monsterinsights_sitenote_category":0,"footnotes":""},"categories":[154],"tags":[426,427,162,180],"class_list":["post-1284","post","type-post","status-publish","format-standard","has-post-thumbnail","hentry","category-veracruz","tag-desalojo","tag-fuerza-publica","tag-portada","tag-veracruz","wp-image-borders"],"amp_enabled":true,"_links":{"self":[{"href":"https:\/\/nvnoticias.mx\/index.php\/wp-json\/wp\/v2\/posts\/1284","targetHints":{"allow":["GET"]}}],"collection":[{"href":"https:\/\/nvnoticias.mx\/index.php\/wp-json\/wp\/v2\/posts"}],"about":[{"href":"https:\/\/nvnoticias.mx\/index.php\/wp-json\/wp\/v2\/types\/post"}],"author":[{"embeddable":true,"href":"https:\/\/nvnoticias.mx\/index.php\/wp-json\/wp\/v2\/users\/6"}],"replies":[{"embeddable":true,"href":"https:\/\/nvnoticias.mx\/index.php\/wp-json\/wp\/v2\/comments?post=1284"}],"version-history":[{"count":1,"href":"https:\/\/nvnoticias.mx\/index.php\/wp-json\/wp\/v2\/posts\/1284\/revisions"}],"predecessor-version":[{"id":1286,"href":"https:\/\/nvnoticias.mx\/index.php\/wp-json\/wp\/v2\/posts\/1284\/revisions\/1286"}],"wp:featuredmedia":[{"embeddable":true,"href":"https:\/\/nvnoticias.mx\/index.php\/wp-json\/wp\/v2\/media\/1285"}],"wp:attachment":[{"href":"https:\/\/nvnoticias.mx\/index.php\/wp-json\/wp\/v2\/media?parent=1284"}],"wp:term":[{"taxonomy":"category","embeddable":true,"href":"https:\/\/nvnoticias.mx\/index.php\/wp-json\/wp\/v2\/categories?post=1284"},{"taxonomy":"post_tag","embeddable":true,"href":"https:\/\/nvnoticias.mx\/index.php\/wp-json\/wp\/v2\/tags?post=1284"}],"curies":[{"name":"wp","href":"https:\/\/api.w.org\/{rel}","templated":true}]}}