{"id":128310,"date":"2023-11-08T12:19:50","date_gmt":"2023-11-08T18:19:50","guid":{"rendered":"https:\/\/nvnoticias.mx\/?p=128310"},"modified":"2023-11-08T12:19:51","modified_gmt":"2023-11-08T18:19:51","slug":"repunto-la-violencia-intrafamiliar-en-alamo","status":"publish","type":"post","link":"https:\/\/nvnoticias.mx\/index.php\/2023\/11\/08\/repunto-la-violencia-intrafamiliar-en-alamo\/","title":{"rendered":"Repunt\u00f3 la violencia intrafamiliar en \u00c1lamo"},"content":{"rendered":"\n<p><strong>Jes\u00fas Utrilla \/ NV Noticias<\/strong><\/p>\n\n\n\n<p>La alcaldesa Lilia Arrieta Pardo dijo que buscan reducir los alarmantes \u00edndices de violencia intrafamiliar en \u00c1lamo. Cada mes, el DIF Municipal atiende entre 10 y 20 casos, en una labor esencial para resguardar la integridad de las familias locales. Afortunadamente, hasta ahora no se han registrado v\u00edctimas mortales a causa de esta problem\u00e1tica.<\/p>\n\n\n\n<blockquote class=\"wp-block-quote is-layout-flow wp-block-quote-is-layout-flow\"><p>&#8220;<em>Estamos abordando todos los casos y hemos enfocado esfuerzos en una perspectiva cultural. Promovemos actividades que fomentan la sana convivencia en los hogares y entre las familias. Adem\u00e1s, impulsamos la reactivaci\u00f3n econ\u00f3mica, brindando apoyo a j\u00f3venes emprendedores y mujeres solteras<\/em>&#8220;, resalt\u00f3 la alcaldesa.<\/p><\/blockquote>\n\n\n\n<p>Se brindan capacitaciones para empoderar a las mujeres y otorgarles las herramientas necesarias para actuar en situaciones similares. A pesar del aumento de la violencia dom\u00e9stica debido a la pandemia, la administraci\u00f3n actual ha implementado medidas y prove\u00eddo recursos para facilitar una coexistencia pac\u00edfica entre hombres y mujeres.<\/p>\n\n\n\n<p>En casos de v\u00edctimas, se ofrece apoyo psicol\u00f3gico y se imparten talleres que les permiten generar sus propios ingresos, liber\u00e1ndolas de la dependencia econ\u00f3mica de terceros.<\/p>\n\n\n\n<blockquote class=\"wp-block-quote is-layout-flow wp-block-quote-is-layout-flow\"><p>&#8220;<em>Estamos trabajando arduamente en la reactivaci\u00f3n econ\u00f3mica, brindando apoyo a j\u00f3venes emprendedores y mujeres solteras<\/em>&#8220;.<\/p><\/blockquote>\n\n\n\n<p>En cuanto a salud, se llevan a cabo jornadas de trabajo social en colaboraci\u00f3n con el estado, la Secretar\u00eda de Salud, Pemex y la Sedena. Estas actividades proporcionan consultas y servicios gratuitos a las familias del municipio. Adem\u00e1s, se facilita la vinculaci\u00f3n con hospitales a nivel nacional, asegurando que aquellos sin acceso a servicios de salud puedan acceder a cirug\u00edas.<\/p>\n\n\n\n<p>Respecto a seguridad, \u00c1lamo cuenta con una fuerza policial de 57 elementos, y actualmente se encuentra en marcha una convocatoria para reclutar y capacitar a nuevos oficiales.<\/p>\n","protected":false},"excerpt":{"rendered":"<p>Jes\u00fas Utrilla \/ NV Noticias La alcaldesa Lilia Arrieta Pardo dijo que buscan reducir los alarmantes \u00edndices de violencia intrafamiliar en \u00c1lamo. Cada mes, el DIF Municipal atiende entre 10 y 20 casos, en una labor esencial para resguardar la integridad de las familias locales. Afortunadamente, hasta ahora no se han registrado v\u00edctimas mortales a [&hellip;]<\/p>\n","protected":false},"author":8,"featured_media":128311,"comment_status":"open","ping_status":"open","sticky":false,"template":"","format":"standard","meta":{"_monsterinsights_skip_tracking":false,"_monsterinsights_sitenote_active":false,"_monsterinsights_sitenote_note":"","_monsterinsights_sitenote_category":0,"footnotes":""},"categories":[154],"tags":[2889,22060],"class_list":["post-128310","post","type-post","status-publish","format-standard","has-post-thumbnail","hentry","category-veracruz","tag-alamo","tag-violencia-intrafamiliar","wp-image-borders"],"amp_enabled":true,"_links":{"self":[{"href":"https:\/\/nvnoticias.mx\/index.php\/wp-json\/wp\/v2\/posts\/128310","targetHints":{"allow":["GET"]}}],"collection":[{"href":"https:\/\/nvnoticias.mx\/index.php\/wp-json\/wp\/v2\/posts"}],"about":[{"href":"https:\/\/nvnoticias.mx\/index.php\/wp-json\/wp\/v2\/types\/post"}],"author":[{"embeddable":true,"href":"https:\/\/nvnoticias.mx\/index.php\/wp-json\/wp\/v2\/users\/8"}],"replies":[{"embeddable":true,"href":"https:\/\/nvnoticias.mx\/index.php\/wp-json\/wp\/v2\/comments?post=128310"}],"version-history":[{"count":1,"href":"https:\/\/nvnoticias.mx\/index.php\/wp-json\/wp\/v2\/posts\/128310\/revisions"}],"predecessor-version":[{"id":128312,"href":"https:\/\/nvnoticias.mx\/index.php\/wp-json\/wp\/v2\/posts\/128310\/revisions\/128312"}],"wp:featuredmedia":[{"embeddable":true,"href":"https:\/\/nvnoticias.mx\/index.php\/wp-json\/wp\/v2\/media\/128311"}],"wp:attachment":[{"href":"https:\/\/nvnoticias.mx\/index.php\/wp-json\/wp\/v2\/media?parent=128310"}],"wp:term":[{"taxonomy":"category","embeddable":true,"href":"https:\/\/nvnoticias.mx\/index.php\/wp-json\/wp\/v2\/categories?post=128310"},{"taxonomy":"post_tag","embeddable":true,"href":"https:\/\/nvnoticias.mx\/index.php\/wp-json\/wp\/v2\/tags?post=128310"}],"curies":[{"name":"wp","href":"https:\/\/api.w.org\/{rel}","templated":true}]}}