{"id":128305,"date":"2023-11-08T12:41:30","date_gmt":"2023-11-08T18:41:30","guid":{"rendered":"https:\/\/nvnoticias.mx\/?p=128305"},"modified":"2023-11-08T12:41:31","modified_gmt":"2023-11-08T18:41:31","slug":"se-reunen-vecinos-de-veracruz-y-boca-del-rio-para-hacer-frente-comun-contra-la-instalacion-de-gas-natural","status":"publish","type":"post","link":"https:\/\/nvnoticias.mx\/index.php\/2023\/11\/08\/se-reunen-vecinos-de-veracruz-y-boca-del-rio-para-hacer-frente-comun-contra-la-instalacion-de-gas-natural\/","title":{"rendered":"Se re\u00fanen vecinos de Veracruz y Boca del R\u00edo para hacer frente com\u00fan contra la instalaci\u00f3n de Gas Natural"},"content":{"rendered":"\n<p>La tarde de este martes, diversos grupos vecinales de fraccionamientos y colonias de la zona conurbada Veracruz &#8211; Boca del R\u00edo, se congregaron a las afueras de la Escuela Secundaria Federal Jos\u00e9 Azueta, donde trataron asuntos de inter\u00e9s colectivo como la instalaci\u00f3n de tuber\u00edas de gas natural por la avenida Juan Pablo II, as\u00ed como la problem\u00e1tica de los servicios de suministros b\u00e1sicos, por ejemplo el agua potable.<\/p>\n\n\n\n<p>A iniciativa de los vecinos unidos de Juan Pablo II y de la Asociaci\u00f3n Her\u00f3n Proal, se realiz\u00f3 la convocatoria a todos los vecinos de 17 colonias y fraccionamientos de la conurbaci\u00f3n, para reunirse, decidir las acciones necesarias a tomar y exigir a las autoridades que expliquen y atiendan las demandas de los afectados.<\/p>\n","protected":false},"excerpt":{"rendered":"<p>La tarde de este martes, diversos grupos vecinales de fraccionamientos y colonias de la zona conurbada Veracruz &#8211; Boca del R\u00edo, se congregaron a las afueras de la Escuela Secundaria Federal Jos\u00e9 Azueta, donde trataron asuntos de inter\u00e9s colectivo como la instalaci\u00f3n de tuber\u00edas de gas natural por la avenida Juan Pablo II, as\u00ed como [&hellip;]<\/p>\n","protected":false},"author":7,"featured_media":128323,"comment_status":"open","ping_status":"open","sticky":false,"template":"","format":"standard","meta":{"_monsterinsights_skip_tracking":false,"_monsterinsights_sitenote_active":false,"_monsterinsights_sitenote_note":"","_monsterinsights_sitenote_category":0,"footnotes":""},"categories":[154],"tags":[423,1494,7952,1827,180],"class_list":["post-128305","post","type-post","status-publish","format-standard","has-post-thumbnail","hentry","category-veracruz","tag-boca-del-rio","tag-gas-natural","tag-instalacion","tag-vecinos","tag-veracruz","wp-image-borders"],"amp_enabled":true,"_links":{"self":[{"href":"https:\/\/nvnoticias.mx\/index.php\/wp-json\/wp\/v2\/posts\/128305","targetHints":{"allow":["GET"]}}],"collection":[{"href":"https:\/\/nvnoticias.mx\/index.php\/wp-json\/wp\/v2\/posts"}],"about":[{"href":"https:\/\/nvnoticias.mx\/index.php\/wp-json\/wp\/v2\/types\/post"}],"author":[{"embeddable":true,"href":"https:\/\/nvnoticias.mx\/index.php\/wp-json\/wp\/v2\/users\/7"}],"replies":[{"embeddable":true,"href":"https:\/\/nvnoticias.mx\/index.php\/wp-json\/wp\/v2\/comments?post=128305"}],"version-history":[{"count":1,"href":"https:\/\/nvnoticias.mx\/index.php\/wp-json\/wp\/v2\/posts\/128305\/revisions"}],"predecessor-version":[{"id":128324,"href":"https:\/\/nvnoticias.mx\/index.php\/wp-json\/wp\/v2\/posts\/128305\/revisions\/128324"}],"wp:featuredmedia":[{"embeddable":true,"href":"https:\/\/nvnoticias.mx\/index.php\/wp-json\/wp\/v2\/media\/128323"}],"wp:attachment":[{"href":"https:\/\/nvnoticias.mx\/index.php\/wp-json\/wp\/v2\/media?parent=128305"}],"wp:term":[{"taxonomy":"category","embeddable":true,"href":"https:\/\/nvnoticias.mx\/index.php\/wp-json\/wp\/v2\/categories?post=128305"},{"taxonomy":"post_tag","embeddable":true,"href":"https:\/\/nvnoticias.mx\/index.php\/wp-json\/wp\/v2\/tags?post=128305"}],"curies":[{"name":"wp","href":"https:\/\/api.w.org\/{rel}","templated":true}]}}