{"id":128301,"date":"2023-11-08T11:50:10","date_gmt":"2023-11-08T17:50:10","guid":{"rendered":"https:\/\/nvnoticias.mx\/?p=128301"},"modified":"2023-11-08T11:50:11","modified_gmt":"2023-11-08T17:50:11","slug":"negocia-qatar-liberacion-de-10-o-15-rehenes-de-hamas-a-cambio-de-pausa-en-la-guerra","status":"publish","type":"post","link":"https:\/\/nvnoticias.mx\/index.php\/2023\/11\/08\/negocia-qatar-liberacion-de-10-o-15-rehenes-de-hamas-a-cambio-de-pausa-en-la-guerra\/","title":{"rendered":"Negocia Qatar liberaci\u00f3n de 10 o 15 rehenes de Ham\u00e1s a cambio de pausa en la guerra"},"content":{"rendered":"\n<p>Qatar est\u00e1 mediando negociaciones entre Israel y Ham\u00e1s para la liberaci\u00f3n de entre 10 y 15 rehenes retenidos en Gaza a cambio de un alto el fuego de uno o dos d\u00edas, dijo a la AFP este mi\u00e9rcoles una fuente conocedora del caso.<\/p>\n\n\n\n<blockquote class=\"wp-block-quote is-layout-flow wp-block-quote-is-layout-flow\"><p>&#8220;Se est\u00e1n llevando a cabo negociaciones mediadas por los catar\u00edes, en coordinaci\u00f3n con Estados Unidos, para garantizar la liberaci\u00f3n de 10-15 rehenes a cambio de un cese el fuego de uno o dos d\u00edas&#8221;, dijo la fuente, que pidi\u00f3 el anonimato.<br><\/p><\/blockquote>\n\n\n\n<p>El ej\u00e9rcito israel\u00ed bombardea sin descanso la Franja de Gaza desde el 7 de octubre, cuando milicianos del movimiento islamista palestino Ham\u00e1s lanzaron un ataque contra su territorio que dej\u00f3 m\u00e1s de mil 400 muertos, la mayor\u00eda civiles.<\/p>\n\n\n\n<p>En ese asalto, los comandos islamistas tomaron como rehenes a al menos 240 personas, seg\u00fan las autoridades israel\u00edes.<\/p>\n\n\n\n<p>Del lado palestino, al menos 10 mil 569 personas, en su mayor\u00eda civiles y entre ellas m\u00e1s de 4 mil ni\u00f1os, murieron en los bombardeos israel\u00edes, seg\u00fan el ministerio de Salud de la Franja de Gaza, gobernada por Ham\u00e1s.<\/p>\n\n\n\n<p>Fuente: Milenio<\/p>\n\n\n\n<p><br><\/p>\n","protected":false},"excerpt":{"rendered":"<p>Qatar est\u00e1 mediando negociaciones entre Israel y Ham\u00e1s para la liberaci\u00f3n de entre 10 y 15 rehenes retenidos en Gaza a cambio de un alto el fuego de uno o dos d\u00edas, dijo a la AFP este mi\u00e9rcoles una fuente conocedora del caso. &#8220;Se est\u00e1n llevando a cabo negociaciones mediadas por los catar\u00edes, en coordinaci\u00f3n [&hellip;]<\/p>\n","protected":false},"author":35,"featured_media":124246,"comment_status":"open","ping_status":"open","sticky":false,"template":"","format":"standard","meta":{"_monsterinsights_skip_tracking":false,"_monsterinsights_sitenote_active":false,"_monsterinsights_sitenote_note":"","_monsterinsights_sitenote_category":0,"footnotes":""},"categories":[181],"tags":[187,27695,1305],"class_list":["post-128301","post","type-post","status-publish","format-standard","has-post-thumbnail","hentry","category-internacional","tag-guerra","tag-hamas","tag-qatar","wp-image-borders"],"amp_enabled":true,"_links":{"self":[{"href":"https:\/\/nvnoticias.mx\/index.php\/wp-json\/wp\/v2\/posts\/128301","targetHints":{"allow":["GET"]}}],"collection":[{"href":"https:\/\/nvnoticias.mx\/index.php\/wp-json\/wp\/v2\/posts"}],"about":[{"href":"https:\/\/nvnoticias.mx\/index.php\/wp-json\/wp\/v2\/types\/post"}],"author":[{"embeddable":true,"href":"https:\/\/nvnoticias.mx\/index.php\/wp-json\/wp\/v2\/users\/35"}],"replies":[{"embeddable":true,"href":"https:\/\/nvnoticias.mx\/index.php\/wp-json\/wp\/v2\/comments?post=128301"}],"version-history":[{"count":1,"href":"https:\/\/nvnoticias.mx\/index.php\/wp-json\/wp\/v2\/posts\/128301\/revisions"}],"predecessor-version":[{"id":128302,"href":"https:\/\/nvnoticias.mx\/index.php\/wp-json\/wp\/v2\/posts\/128301\/revisions\/128302"}],"wp:featuredmedia":[{"embeddable":true,"href":"https:\/\/nvnoticias.mx\/index.php\/wp-json\/wp\/v2\/media\/124246"}],"wp:attachment":[{"href":"https:\/\/nvnoticias.mx\/index.php\/wp-json\/wp\/v2\/media?parent=128301"}],"wp:term":[{"taxonomy":"category","embeddable":true,"href":"https:\/\/nvnoticias.mx\/index.php\/wp-json\/wp\/v2\/categories?post=128301"},{"taxonomy":"post_tag","embeddable":true,"href":"https:\/\/nvnoticias.mx\/index.php\/wp-json\/wp\/v2\/tags?post=128301"}],"curies":[{"name":"wp","href":"https:\/\/api.w.org\/{rel}","templated":true}]}}