{"id":128133,"date":"2023-11-07T09:25:15","date_gmt":"2023-11-07T15:25:15","guid":{"rendered":"https:\/\/nvnoticias.mx\/?p=128133"},"modified":"2023-11-07T09:25:53","modified_gmt":"2023-11-07T15:25:53","slug":"analizan-diputados-dar-paso-atras-a-recorte-en-tribunal-electoral","status":"publish","type":"post","link":"https:\/\/nvnoticias.mx\/index.php\/2023\/11\/07\/analizan-diputados-dar-paso-atras-a-recorte-en-tribunal-electoral\/","title":{"rendered":"Analizan diputados dar paso atr\u00e1s a recorte en Tribunal Electoral"},"content":{"rendered":"\n<p>El Presupuesto de Egresos de la Federaci\u00f3n (PEF) para el a\u00f1o 2024 fue aprobado ayer en lo general por la mayor\u00eda de Morena y sus aliados en la C\u00e1mara de Diputados, sin cambios al dictamen que fue avalado por la Comisi\u00f3n de Presupuesto y Cuenta P\u00fablica el pasado 3 de noviembre.<\/p>\n\n\n\n<p>Con 262 votos a favor, 216 en contra y una abstenci\u00f3n se aval\u00f3 el recorte a los \u00f3rganos aut\u00f3nomos por 13 mil millones de pesos, entre ellos al Poder Judicial de la Federaci\u00f3n, al Instituto Nacional Electoral (INE), a la Auditor\u00eda Superior de la Federaci\u00f3n, a la Comisi\u00f3n Federal de Competencia Econ\u00f3mica (Cofece) y al Instituto Nacional de Transparencia, Acceso a la Informaci\u00f3n y Protecci\u00f3n de Datos Personales (Inai).<\/p>\n\n\n\n<p>Sin embargo, este martes, a trav\u00e9s de modificaciones al dictamen, Morena prev\u00e9 replantear el recorte de 767 millones de pesos al Tribunal Electoral del Poder Judicial de la Federaci\u00f3n (TEPJF), contemplado en el dictamen del PEF.<\/p>\n\n\n\n<p>El diputado Hamlet Garc\u00eda Almaguer (Morena), integrante de la Comisi\u00f3n de Presupuesto y Cuenta P\u00fablica, afirm\u00f3: \u201cEl caso del Tribunal Electoral es distinto, porque las valoraciones que se tienen que hacer tienen que corresponder a un ciclo sexenal, en el que suele haber mayor litigiosidad, mayores juicios que se presentan. Estamos trabajando en este momento para presentar las reservas necesarias y llegar a un punto en el que el Tribunal Electoral, sin excesos, sin lujos, sin privilegios, pueda cumplir con su labor, pero estamos conscientes de que es importante eso\u201d, dijo.<\/p>\n\n\n\n<p>Por su parte, el coordinador de Morena, Ignacio Mier Velazco, anunci\u00f3 el pasado domingo que el presupuesto del TEPJF tendr\u00e1 una ampliaci\u00f3n y el recorte ya no ser\u00e1 de 767 millones de pesos.<\/p>\n\n\n\n<blockquote class=\"wp-block-quote is-layout-flow wp-block-quote-is-layout-flow\"><p>\u201cSe realizar\u00e1 una revisi\u00f3n en el marco de los pr\u00f3ximos comicios, pues ser\u00e1n elegidos m\u00e1s de mil 400 ayuntamientos, se renovar\u00e1n 20 congresos estatales y todo el Poder Federal. Eso implica que el Tribunal Electoral est\u00e9 fortalecido. Cada tres a\u00f1os sucede, tiene una ampliaci\u00f3n presupuestal para atender esto a trav\u00e9s de la contrataci\u00f3n de personal eventual\u201d, dijo.<\/p><\/blockquote>\n\n\n\n<p>Fuente: <a href=\"https:\/\/www.eluniversal.com.mx\/nacion\/diputados-analizan-dar-paso-atras-a-recorte-en-tribunal-electoral\/\" data-type=\"URL\" data-id=\"https:\/\/www.eluniversal.com.mx\/nacion\/diputados-analizan-dar-paso-atras-a-recorte-en-tribunal-electoral\/\">El Universal<\/a> <\/p>\n","protected":false},"excerpt":{"rendered":"<p>El Presupuesto de Egresos de la Federaci\u00f3n (PEF) para el a\u00f1o 2024 fue aprobado ayer en lo general por la mayor\u00eda de Morena y sus aliados en la C\u00e1mara de Diputados, sin cambios al dictamen que fue avalado por la Comisi\u00f3n de Presupuesto y Cuenta P\u00fablica el pasado 3 de noviembre. Con 262 votos a [&hellip;]<\/p>\n","protected":false},"author":35,"featured_media":96388,"comment_status":"open","ping_status":"open","sticky":false,"template":"","format":"standard","meta":{"_monsterinsights_skip_tracking":false,"_monsterinsights_sitenote_active":false,"_monsterinsights_sitenote_note":"","_monsterinsights_sitenote_category":0,"footnotes":""},"categories":[158],"tags":[11283,566,162,7584,283],"class_list":["post-128133","post","type-post","status-publish","format-standard","has-post-thumbnail","hentry","category-politica","tag-analizan","tag-diputados","tag-portada","tag-recorte","tag-tribunal-electoral","wp-image-borders"],"amp_enabled":true,"_links":{"self":[{"href":"https:\/\/nvnoticias.mx\/index.php\/wp-json\/wp\/v2\/posts\/128133","targetHints":{"allow":["GET"]}}],"collection":[{"href":"https:\/\/nvnoticias.mx\/index.php\/wp-json\/wp\/v2\/posts"}],"about":[{"href":"https:\/\/nvnoticias.mx\/index.php\/wp-json\/wp\/v2\/types\/post"}],"author":[{"embeddable":true,"href":"https:\/\/nvnoticias.mx\/index.php\/wp-json\/wp\/v2\/users\/35"}],"replies":[{"embeddable":true,"href":"https:\/\/nvnoticias.mx\/index.php\/wp-json\/wp\/v2\/comments?post=128133"}],"version-history":[{"count":4,"href":"https:\/\/nvnoticias.mx\/index.php\/wp-json\/wp\/v2\/posts\/128133\/revisions"}],"predecessor-version":[{"id":128137,"href":"https:\/\/nvnoticias.mx\/index.php\/wp-json\/wp\/v2\/posts\/128133\/revisions\/128137"}],"wp:featuredmedia":[{"embeddable":true,"href":"https:\/\/nvnoticias.mx\/index.php\/wp-json\/wp\/v2\/media\/96388"}],"wp:attachment":[{"href":"https:\/\/nvnoticias.mx\/index.php\/wp-json\/wp\/v2\/media?parent=128133"}],"wp:term":[{"taxonomy":"category","embeddable":true,"href":"https:\/\/nvnoticias.mx\/index.php\/wp-json\/wp\/v2\/categories?post=128133"},{"taxonomy":"post_tag","embeddable":true,"href":"https:\/\/nvnoticias.mx\/index.php\/wp-json\/wp\/v2\/tags?post=128133"}],"curies":[{"name":"wp","href":"https:\/\/api.w.org\/{rel}","templated":true}]}}