{"id":128103,"date":"2023-11-06T15:44:49","date_gmt":"2023-11-06T21:44:49","guid":{"rendered":"https:\/\/nvnoticias.mx\/?p=128103"},"modified":"2023-11-06T15:44:51","modified_gmt":"2023-11-06T21:44:51","slug":"admite-trump-que-revisaba-las-declaraciones-financieras-de-su-empresa","status":"publish","type":"post","link":"https:\/\/nvnoticias.mx\/index.php\/2023\/11\/06\/admite-trump-que-revisaba-las-declaraciones-financieras-de-su-empresa\/","title":{"rendered":"Admite Trump que &#8220;revisaba&#8221; las declaraciones financieras de su empresa"},"content":{"rendered":"\n<p>El expresidente <strong>Donald Trump <\/strong>entr\u00f3 este lunes en la sala del tribunal de Nueva York donde est\u00e1 previsto que preste declaraci\u00f3n como testigo en el juicio civil por<strong> fraude empresarial en la Organizaci\u00f3n Trump<\/strong>, un proceso impulsado por la Fiscal\u00eda, que reclama una compensaci\u00f3n de 250 millones de d\u00f3lares.<\/p>\n\n\n\n<p>El expresidente lleg\u00f3 pocos minutos antes del inicio de la sesi\u00f3n, a las 10 de la ma\u00f1ana, siguiendo la t\u00f3nica de sus apariciones previas: vestido con traje azul y corbata azul, rodeado de sus abogados y con semblante serio, mirando al frente al pasar por la primera fila del p\u00fablico, en que estaba la fiscal Letitia James, por quien Trump no oculta su animadversi\u00f3n.<\/p>\n\n\n\n<p>Una vez llamado el p\u00fablico al orden, el juez Arthur Engoron permiti\u00f3 entrar a los fot\u00f3grafos y dijo que quer\u00eda proceder con rapidez, por lo que llam\u00f3 a Trump a la silla de los testigos; este camin\u00f3 despacio, hizo su juramento y se sent\u00f3 a declarar en apariencia tranquilo.<\/p>\n\n\n\n<p>El fiscal adjunto, <strong>Kevin Wallace,<\/strong> le pregunt\u00f3 por la<strong> formaci\u00f3n de un fideicomiso<\/strong> para su empresa antes de lograr la presidencia en 2016 y este respondi\u00f3 que nombr\u00f3 a su hijo <strong>Donald Jr <\/strong>como uno de los administradores porque es &#8220;un chico muy trabajador&#8221;, y poco antes de dejar la Casa Blanca recuper\u00f3 su responsabilidad porque pensaba volver a los negocios.<\/p>\n\n\n\n<p>Aprovech\u00f3 entonces para lanzar su primer dardo a los fiscales y mostrarse beligerante con el juez, se\u00f1alando que tanto Wallace como otros &#8220;dem\u00f3cratas&#8221; le atacaban desde muchos flancos, acus\u00e1ndoles de una<strong> &#8220;militarizaci\u00f3n&#8221; de sus negocios<\/strong> con casos que no son &#8220;buenos&#8221;.<\/p>\n\n\n\n<blockquote class=\"wp-block-quote is-layout-flow wp-block-quote-is-layout-flow\"><p>&#8220;\u00bfEs cierto que usted revisaba las declaraciones de condici\u00f3n financiera?&#8221;, le pregunt\u00f3 el fiscal, en referencia a la informaci\u00f3n en la que se basa el caso, y que la acusaci\u00f3n argumenta que conten\u00eda cifras infladas de activos para obtener ventajas con prestamistas y seguros.<\/p><\/blockquote>\n\n\n\n<p>Trump admiti\u00f3 que las<strong> &#8220;miraba&#8221;<\/strong> y<strong> &#8220;hac\u00eda sugerencias&#8221;<\/strong> respecto a las declaraciones de condici\u00f3n financiera, pero insisti\u00f3 en su argumento de defensa principal: que esos documentos incluyen una cl\u00e1usula que los &#8220;deja sin valor&#8221;, y que los banqueros y aseguradoras con los que trataba lo explicar\u00e1n en el juicio, que calific\u00f3 de &#8220;loco&#8221;.<\/p>\n\n\n\n<p>Engoron, que hab\u00eda escuchado los intercambios sin hacer comentarios, inst\u00f3 entonces a las partes a moverse &#8220;con rapidez&#8221; pero apremi\u00f3 solamente a Trump a &#8220;responder a las preguntas sin discursos&#8221;, lo que propici\u00f3 una queja del abogado, Christopher Kise, que justific\u00f3 que eran &#8220;preguntas abiertas&#8221;.<\/p>\n\n\n\n<p>La comparecencia de hoy en el proceso, que es de car\u00e1cter civil y solo se puede traducir en penas econ\u00f3micas, ofrecer\u00e1 un adelanto de la estrategia y comportamiento del favorito republicano antes de las cuatro causas penales que afronta en los pr\u00f3ximos meses.<\/p>\n\n\n\n<p>Fuente: <a href=\"https:\/\/www.eluniversal.com.mx\/mundo\/trump-admite-que-revisaba-las-declaraciones-financieras-de-su-empresa\/\" data-type=\"URL\" data-id=\"https:\/\/www.eluniversal.com.mx\/mundo\/trump-admite-que-revisaba-las-declaraciones-financieras-de-su-empresa\/\">El Universal<\/a><\/p>\n","protected":false},"excerpt":{"rendered":"<p>El expresidente Donald Trump entr\u00f3 este lunes en la sala del tribunal de Nueva York donde est\u00e1 previsto que preste declaraci\u00f3n como testigo en el juicio civil por fraude empresarial en la Organizaci\u00f3n Trump, un proceso impulsado por la Fiscal\u00eda, que reclama una compensaci\u00f3n de 250 millones de d\u00f3lares. El expresidente lleg\u00f3 pocos minutos antes [&hellip;]<\/p>\n","protected":false},"author":35,"featured_media":90218,"comment_status":"open","ping_status":"open","sticky":false,"template":"","format":"standard","meta":{"_monsterinsights_skip_tracking":false,"_monsterinsights_sitenote_active":false,"_monsterinsights_sitenote_note":"","_monsterinsights_sitenote_category":0,"footnotes":""},"categories":[181],"tags":[10455,7914,230,2358],"class_list":["post-128103","post","type-post","status-publish","format-standard","has-post-thumbnail","hentry","category-internacional","tag-admite","tag-declaraciones","tag-donald-trump","tag-financieras","wp-image-borders"],"amp_enabled":true,"_links":{"self":[{"href":"https:\/\/nvnoticias.mx\/index.php\/wp-json\/wp\/v2\/posts\/128103","targetHints":{"allow":["GET"]}}],"collection":[{"href":"https:\/\/nvnoticias.mx\/index.php\/wp-json\/wp\/v2\/posts"}],"about":[{"href":"https:\/\/nvnoticias.mx\/index.php\/wp-json\/wp\/v2\/types\/post"}],"author":[{"embeddable":true,"href":"https:\/\/nvnoticias.mx\/index.php\/wp-json\/wp\/v2\/users\/35"}],"replies":[{"embeddable":true,"href":"https:\/\/nvnoticias.mx\/index.php\/wp-json\/wp\/v2\/comments?post=128103"}],"version-history":[{"count":2,"href":"https:\/\/nvnoticias.mx\/index.php\/wp-json\/wp\/v2\/posts\/128103\/revisions"}],"predecessor-version":[{"id":128105,"href":"https:\/\/nvnoticias.mx\/index.php\/wp-json\/wp\/v2\/posts\/128103\/revisions\/128105"}],"wp:featuredmedia":[{"embeddable":true,"href":"https:\/\/nvnoticias.mx\/index.php\/wp-json\/wp\/v2\/media\/90218"}],"wp:attachment":[{"href":"https:\/\/nvnoticias.mx\/index.php\/wp-json\/wp\/v2\/media?parent=128103"}],"wp:term":[{"taxonomy":"category","embeddable":true,"href":"https:\/\/nvnoticias.mx\/index.php\/wp-json\/wp\/v2\/categories?post=128103"},{"taxonomy":"post_tag","embeddable":true,"href":"https:\/\/nvnoticias.mx\/index.php\/wp-json\/wp\/v2\/tags?post=128103"}],"curies":[{"name":"wp","href":"https:\/\/api.w.org\/{rel}","templated":true}]}}