{"id":127876,"date":"2023-11-04T20:17:57","date_gmt":"2023-11-05T02:17:57","guid":{"rendered":"https:\/\/nvnoticias.mx\/?p=127876"},"modified":"2023-11-04T20:17:57","modified_gmt":"2023-11-05T02:17:57","slug":"salud-como-en-dinamarca","status":"publish","type":"post","link":"https:\/\/nvnoticias.mx\/index.php\/2023\/11\/04\/salud-como-en-dinamarca\/","title":{"rendered":"\u00bfSalud como en Dinamarca?"},"content":{"rendered":"\n<p><strong>Ricardo Homs <\/strong><\/p>\n\n\n\n<p>La OCDE, -Organizaci\u00f3n para la Cooperaci\u00f3n y el Desarrollo Econ\u00f3mico-, instituci\u00f3n global con sede en Par\u00eds, public\u00f3 una gr\u00e1fica comparativa entre los pa\u00edses, -entre los que est\u00e1 M\u00e9xico-, en la cual se describe el porcentaje del PIB que cada pa\u00eds aplica a los programas de salud.<\/p>\n\n\n\n<p>Mientras M\u00e9xico aplica s\u00f3lo el 2.9% de su PIB, -ocupando el lugar 48 de la tabla-, Estados Unidos, que encabeza la lista, aplica el 14.1% y Dinamarca el 8%, entre otros pa\u00edses que conforman el reporte.<\/p>\n\n\n\n<p>Pa\u00edses con una econom\u00eda similar a la nuestra, -como lo es Espa\u00f1a-, aplica el 7.3%.<\/p>\n\n\n\n<p>Colombia aplica el 6.1%, o sea el doble que nuestro pa\u00eds y Chile el 5.6%, Costa Rica el 5.3%, Brasil el 4.5% y Per\u00fa 4.3%.<\/p>\n\n\n\n<p>Esta tabla describe la situaci\u00f3n del a\u00f1o 2022, en pleno gobierno de la 4T.<\/p>\n\n\n\n<p>Esto describe las prioridades de este gobierno, no obstante que se auto proclama como un gobierno humanista.<\/p>\n\n\n\n<p>La salud tiene que ver con la vida y por ello debiese ser un rubro prioritario. Sin embargo, vemos que hoy las principales instituciones controladas por MORENA, como lo son el Poder Ejecutivo y el Poder Legislativo est\u00e1n obsesionadas con los ahorros y ello significa recortar presupuestos.<\/p>\n\n\n\n<p>Sin embargo, no sabemos a d\u00f3nde van estos cuantiosos ahorros. Esto genera sospechas\u2026 \u00bfSe van a las pr\u00f3ximas campa\u00f1as electorales del 2024? \u2026 \u00bfO se van a las obras capricho como son Dos Boca y el Tren Maya? \u2026 La opacidad es evidente y por ello el acoso para impedir operar con eficiencia al INAI.<\/p>\n\n\n\n<p>LA \u201cNO\u201d AMARGA NAVIDAD EN ACAPULCO<\/p>\n\n\n\n<p>En una jugada maestra para consumar el despojo de los 13 fideicomisos que pertenecen a los 55 mil trabajadores del Poder Judicial, el presidente L\u00f3pez Obrador prometi\u00f3 aplicar estos recursos en la reconstrucci\u00f3n de Acapulco, -con lo cual-, dio un sentido emocional a este saqueo. Esta actitud del presidente pone a los trabajadores que defienden sus derechos a recuperar esos recursos, en contra de la sensibilidad p\u00fablica.<\/p>\n\n\n\n<p>Podr\u00edamos preguntarnos \u00bfpor qu\u00e9 no ofreci\u00f3 el presidente tomar esos recursos de los cuantiosos presupuestos asignados al Tren Maya o a Dos Bocas?<\/p>\n\n\n\n<p>El gobierno federal tiene guardados cuantiosos recursos que han ocultado a la opini\u00f3n p\u00fablica, por lo cual, no necesita manipular la informaci\u00f3n como lo est\u00e1n haciendo.<\/p>\n\n\n\n<p>El presidente puso una trampa al Poder Judicial. Si no aceptan esta ocurrencia, entonces estos funcionarios ser\u00e1n vistos como insensibles y no solidarios con las necesidades humanas.<\/p>\n\n\n\n<p>Evidentemente, -al canalizar el dinero de los 13 fideicomisos hacia Acapulco-, evitar\u00e1 utilizar el dinero que era del FONDEN y que hoy est\u00e1 en manos de la Secretar\u00eda de Hacienda generando un ahorro.<\/p>\n\n\n\n<p>BLINDAJE EN ACAPULCO<\/p>\n\n\n\n<p>Seg\u00fan mencionan especialistas en temas de seguridad p\u00fablica, un estado como el de Guerrero, -controlado por el crimen organizado-, que en algunas ciudades domina incluso la econom\u00eda, -fijando precios a los productos y servicios- y cobrando un porcentaje a los productores, as\u00ed como el cobro de derecho de piso al comercio, encareciendo los precios al \u00faltimo consumidor, podr\u00eda ser el sector m\u00e1s beneficiado de las inversiones econ\u00f3micas que se aplicar\u00e1n para la reconstrucci\u00f3n de Acapulco si el gobierno federal, -junto con las fuerzas armadas y la guardia nacional-, no instrumentan un plan de blindaje para mantener a los grupos criminales alejados de los presupuestos.<\/p>\n\n\n\n<p>No ser\u00eda dif\u00edcil que empiecen a extorsionar a quienes reciban recursos para reconstruir sus negocios o viviendas, -e incluso-, a las estructuras gubernamentales locales.<\/p>\n\n\n\n<p>LAS TIJERAS MORENISTAS<\/p>\n\n\n\n<p>\u00bfQu\u00e9 significan los recortes presupuestales que est\u00e1 aplicando la bancada morenista en el Congreso contra los organismos independientes?<\/p>\n\n\n\n<p>Evidentemente esta es una acci\u00f3n de acoso para doblegarlos y ponerlos a la disposici\u00f3n presidencial, y si no se alinean, entonces debilitarlos operativamente al dejarlos sin recursos econ\u00f3micos, para hacerlos quedar como ineficientes y entonces, -en posici\u00f3n vulnerable-, los \u201cesbirros\u201d del presidente, -o sea las bancadas morenistas en ambas c\u00e1maras-, tengan los argumentos frente \u201cal pueblo\u201d para tomar control de ellos \u201ca la mala\u201d para subordinarlos al presidente L\u00f3pez Obrador. Quiz\u00e1 piensen tambi\u00e9n en crear una superpoderosa figura presidencial para quien ellos creen ser\u00e1 la pr\u00f3xima presidenta de M\u00e9xico: Claudia Sheinbaum.<\/p>\n\n\n\n<p>Definitivamente, esta acumulaci\u00f3n de poder es el inicio de un modelo de gobierno autocr\u00e1tico.<\/p>\n\n\n\n<p>Los legisladores morenistas evidentemente no tienen como prioridad servir al \u201cpueblo\u201d, sino al presidente.<\/p>\n\n\n\n<p>\u00bfA Usted qu\u00e9 le parece?<\/p>\n\n\n\n<p>Facebook: @Ricardo.Homs1<\/p>\n\n\n\n<p>Twitter: @homsricardo<\/p>\n\n\n\n<p>Linkedin: Ricardo Homs<\/p>\n\n\n\n<p><a href=\"http:\/\/www.ricardohoms.com\/\" target=\"_blank\" rel=\"noreferrer noopener\">www.ricardohoms.com<\/a><\/p>\n","protected":false},"excerpt":{"rendered":"<p>Ricardo Homs La OCDE, -Organizaci\u00f3n para la Cooperaci\u00f3n y el Desarrollo Econ\u00f3mico-, instituci\u00f3n global con sede en Par\u00eds, public\u00f3 una gr\u00e1fica comparativa entre los pa\u00edses, -entre los que est\u00e1 M\u00e9xico-, en la cual se describe el porcentaje del PIB que cada pa\u00eds aplica a los programas de salud. Mientras M\u00e9xico aplica s\u00f3lo el 2.9% de [&hellip;]<\/p>\n","protected":false},"author":18,"featured_media":91933,"comment_status":"open","ping_status":"open","sticky":false,"template":"","format":"standard","meta":{"_monsterinsights_skip_tracking":false,"_monsterinsights_sitenote_active":false,"_monsterinsights_sitenote_note":"","_monsterinsights_sitenote_category":0,"footnotes":""},"categories":[246],"tags":[173],"class_list":["post-127876","post","type-post","status-publish","format-standard","has-post-thumbnail","hentry","category-ricardo-homs","tag-ricardo-homs","wp-image-borders"],"amp_enabled":true,"_links":{"self":[{"href":"https:\/\/nvnoticias.mx\/index.php\/wp-json\/wp\/v2\/posts\/127876","targetHints":{"allow":["GET"]}}],"collection":[{"href":"https:\/\/nvnoticias.mx\/index.php\/wp-json\/wp\/v2\/posts"}],"about":[{"href":"https:\/\/nvnoticias.mx\/index.php\/wp-json\/wp\/v2\/types\/post"}],"author":[{"embeddable":true,"href":"https:\/\/nvnoticias.mx\/index.php\/wp-json\/wp\/v2\/users\/18"}],"replies":[{"embeddable":true,"href":"https:\/\/nvnoticias.mx\/index.php\/wp-json\/wp\/v2\/comments?post=127876"}],"version-history":[{"count":1,"href":"https:\/\/nvnoticias.mx\/index.php\/wp-json\/wp\/v2\/posts\/127876\/revisions"}],"predecessor-version":[{"id":127877,"href":"https:\/\/nvnoticias.mx\/index.php\/wp-json\/wp\/v2\/posts\/127876\/revisions\/127877"}],"wp:featuredmedia":[{"embeddable":true,"href":"https:\/\/nvnoticias.mx\/index.php\/wp-json\/wp\/v2\/media\/91933"}],"wp:attachment":[{"href":"https:\/\/nvnoticias.mx\/index.php\/wp-json\/wp\/v2\/media?parent=127876"}],"wp:term":[{"taxonomy":"category","embeddable":true,"href":"https:\/\/nvnoticias.mx\/index.php\/wp-json\/wp\/v2\/categories?post=127876"},{"taxonomy":"post_tag","embeddable":true,"href":"https:\/\/nvnoticias.mx\/index.php\/wp-json\/wp\/v2\/tags?post=127876"}],"curies":[{"name":"wp","href":"https:\/\/api.w.org\/{rel}","templated":true}]}}