{"id":127833,"date":"2023-11-03T12:42:00","date_gmt":"2023-11-03T18:42:00","guid":{"rendered":"https:\/\/nvnoticias.mx\/?p=127833"},"modified":"2023-11-04T13:43:31","modified_gmt":"2023-11-04T19:43:31","slug":"recomienda-imss-veracruz-norte-prevenir-infecciones-respiratorias-agudas","status":"publish","type":"post","link":"https:\/\/nvnoticias.mx\/index.php\/2023\/11\/03\/recomienda-imss-veracruz-norte-prevenir-infecciones-respiratorias-agudas\/","title":{"rendered":"Recomienda IMSS Veracruz Norte prevenir Infecciones Respiratorias Agudas"},"content":{"rendered":"\n<ul class=\"wp-block-list\"><li>Es importante mantenerse abrigados y usar cubrebocas en caso de presentar s\u00edntomas<\/li><\/ul>\n\n\n\n<p>El Instituto Mexicano del Seguro Social (IMSS) en Veracruz Norte recomienda a la poblaci\u00f3n a implementar medidas de prevenci\u00f3n en el contagio de Infecciones Respiratorias Agudas (IRAS), entre las que se encuentran el coronavirus e influenza.<\/p>\n\n\n\n<p>Uno de los eventos de temperatura atmosf\u00e9rica, m\u00e1s conocido como norte en el estado, provoca que estas bajen y las personas permanezcan mayor tiempo en interiores, lo que los hace m\u00e1s propensos al contagio de las Enfermedades Respiratorias, afirm\u00f3 la directora de la Unidad de Medicina Familiar (UMF) No. 68, Karla Fabiola D\u00edaz Rodr\u00edguez.<\/p>\n\n\n\n<p>Agreg\u00f3 adem\u00e1s que, para evitar infecciones respiratorias en esta temporada de frentes fr\u00edos, se sugiere mantenerse bien abrigados, sobre todo a los menores de cinco a\u00f1os y a los adultos mayores, ya que son las personas m\u00e1s susceptibles de contraer dichas infecciones.<\/p>\n\n\n\n<p>En este sentido, la especialista explic\u00f3 que los s\u00edntomas de las IRAS pueden ir desde malestar general, dolor de huesos y articulaciones, ardor o dolor de garganta, tos, estornudos, flujo nasal, dolor de cabeza; hasta presentar dificultad para respirar y debilidad muscular.<\/p>\n\n\n\n<p>Asimismo, D\u00edaz Rodr\u00edguez advirti\u00f3 que en caso de presentar los s\u00edntomas, se debe usar cubrebocas y acudir en busca de valoraci\u00f3n m\u00e9dica; recalcando que es de vital relevancia vacunarse contra la influenza, el neumococo y tener esquema completo de vacunaci\u00f3n contra la COVID-19.<\/p>\n\n\n\n<p>Para finalizar, la directora de la UMF No. 68, aconsej\u00f3 mantener los horarios de comida y no dejar de consumir agua pues con el fr\u00edo de reduce la ingesta de l\u00edquidos; algunas opciones saludables que aport\u00f3 para mantenerse hidratado son: t\u00e9, bebidas naturales sin az\u00facar o bien agua de cocci\u00f3n de frutas.<\/p>\n","protected":false},"excerpt":{"rendered":"<p>Es importante mantenerse abrigados y usar cubrebocas en caso de presentar s\u00edntomas El Instituto Mexicano del Seguro Social (IMSS) en Veracruz Norte recomienda a la poblaci\u00f3n a implementar medidas de prevenci\u00f3n en el contagio de Infecciones Respiratorias Agudas (IRAS), entre las que se encuentran el coronavirus e influenza. Uno de los eventos de temperatura atmosf\u00e9rica, [&hellip;]<\/p>\n","protected":false},"author":7,"featured_media":127834,"comment_status":"open","ping_status":"open","sticky":false,"template":"","format":"standard","meta":{"_monsterinsights_skip_tracking":false,"_monsterinsights_sitenote_active":false,"_monsterinsights_sitenote_note":"","_monsterinsights_sitenote_category":0,"footnotes":""},"categories":[154],"tags":[15344,28143,9859],"class_list":["post-127833","post","type-post","status-publish","format-standard","has-post-thumbnail","hentry","category-veracruz","tag-enfermedades","tag-enfermedades-respiratorias","tag-infecciones","wp-image-borders"],"amp_enabled":true,"_links":{"self":[{"href":"https:\/\/nvnoticias.mx\/index.php\/wp-json\/wp\/v2\/posts\/127833","targetHints":{"allow":["GET"]}}],"collection":[{"href":"https:\/\/nvnoticias.mx\/index.php\/wp-json\/wp\/v2\/posts"}],"about":[{"href":"https:\/\/nvnoticias.mx\/index.php\/wp-json\/wp\/v2\/types\/post"}],"author":[{"embeddable":true,"href":"https:\/\/nvnoticias.mx\/index.php\/wp-json\/wp\/v2\/users\/7"}],"replies":[{"embeddable":true,"href":"https:\/\/nvnoticias.mx\/index.php\/wp-json\/wp\/v2\/comments?post=127833"}],"version-history":[{"count":1,"href":"https:\/\/nvnoticias.mx\/index.php\/wp-json\/wp\/v2\/posts\/127833\/revisions"}],"predecessor-version":[{"id":127835,"href":"https:\/\/nvnoticias.mx\/index.php\/wp-json\/wp\/v2\/posts\/127833\/revisions\/127835"}],"wp:featuredmedia":[{"embeddable":true,"href":"https:\/\/nvnoticias.mx\/index.php\/wp-json\/wp\/v2\/media\/127834"}],"wp:attachment":[{"href":"https:\/\/nvnoticias.mx\/index.php\/wp-json\/wp\/v2\/media?parent=127833"}],"wp:term":[{"taxonomy":"category","embeddable":true,"href":"https:\/\/nvnoticias.mx\/index.php\/wp-json\/wp\/v2\/categories?post=127833"},{"taxonomy":"post_tag","embeddable":true,"href":"https:\/\/nvnoticias.mx\/index.php\/wp-json\/wp\/v2\/tags?post=127833"}],"curies":[{"name":"wp","href":"https:\/\/api.w.org\/{rel}","templated":true}]}}