{"id":127730,"date":"2023-11-03T12:04:23","date_gmt":"2023-11-03T18:04:23","guid":{"rendered":"https:\/\/nvnoticias.mx\/?p=127730"},"modified":"2023-11-03T12:04:24","modified_gmt":"2023-11-03T18:04:24","slug":"messi-anuncia-que-este-fue-su-ultimo-balon-de-oro","status":"publish","type":"post","link":"https:\/\/nvnoticias.mx\/index.php\/2023\/11\/03\/messi-anuncia-que-este-fue-su-ultimo-balon-de-oro\/","title":{"rendered":"Messi anuncia que este fue su \u00faltimo Bal\u00f3n de Oro"},"content":{"rendered":"\n<p>Messi sabe que vive un momento de su carrera m\u00e1s cercano al retiro, y es por eso que sabe que el Bal\u00f3n de Oro que gan\u00f3 el lunes pasado, ser\u00e1 el \u00faltimo.<\/p>\n\n\n\n<p>En una entrevista con\u00a0L&#8217;Equipe, el argentino dijo:\u00a0&#8220;Estoy en otro momento de mi vida. Creo que s\u00ed, que este va a ser mi \u00faltimo Bal\u00f3n de Oro y estoy feliz de haber conseguido todo lo que consegu\u00ed&#8221;.<\/p>\n\n\n\n<p>Messi ha regresado a entrenar con el Inter de Miami, en donde a partir de 2024, comenzar\u00e1 una temporada completa.<\/p>\n","protected":false},"excerpt":{"rendered":"<p>Messi sabe que vive un momento de su carrera m\u00e1s cercano al retiro, y es por eso que sabe que el Bal\u00f3n de Oro que gan\u00f3 el lunes pasado, ser\u00e1 el \u00faltimo. En una entrevista con\u00a0L&#8217;Equipe, el argentino dijo:\u00a0&#8220;Estoy en otro momento de mi vida. Creo que s\u00ed, que este va a ser mi \u00faltimo [&hellip;]<\/p>\n","protected":false},"author":8,"featured_media":127731,"comment_status":"open","ping_status":"open","sticky":false,"template":"","format":"standard","meta":{"_monsterinsights_skip_tracking":false,"_monsterinsights_sitenote_active":false,"_monsterinsights_sitenote_note":"","_monsterinsights_sitenote_category":0,"footnotes":""},"categories":[159],"tags":[6287,538],"class_list":["post-127730","post","type-post","status-publish","format-standard","has-post-thumbnail","hentry","category-deportes","tag-balon-de-oro","tag-messi","wp-image-borders"],"amp_enabled":true,"_links":{"self":[{"href":"https:\/\/nvnoticias.mx\/index.php\/wp-json\/wp\/v2\/posts\/127730","targetHints":{"allow":["GET"]}}],"collection":[{"href":"https:\/\/nvnoticias.mx\/index.php\/wp-json\/wp\/v2\/posts"}],"about":[{"href":"https:\/\/nvnoticias.mx\/index.php\/wp-json\/wp\/v2\/types\/post"}],"author":[{"embeddable":true,"href":"https:\/\/nvnoticias.mx\/index.php\/wp-json\/wp\/v2\/users\/8"}],"replies":[{"embeddable":true,"href":"https:\/\/nvnoticias.mx\/index.php\/wp-json\/wp\/v2\/comments?post=127730"}],"version-history":[{"count":1,"href":"https:\/\/nvnoticias.mx\/index.php\/wp-json\/wp\/v2\/posts\/127730\/revisions"}],"predecessor-version":[{"id":127732,"href":"https:\/\/nvnoticias.mx\/index.php\/wp-json\/wp\/v2\/posts\/127730\/revisions\/127732"}],"wp:featuredmedia":[{"embeddable":true,"href":"https:\/\/nvnoticias.mx\/index.php\/wp-json\/wp\/v2\/media\/127731"}],"wp:attachment":[{"href":"https:\/\/nvnoticias.mx\/index.php\/wp-json\/wp\/v2\/media?parent=127730"}],"wp:term":[{"taxonomy":"category","embeddable":true,"href":"https:\/\/nvnoticias.mx\/index.php\/wp-json\/wp\/v2\/categories?post=127730"},{"taxonomy":"post_tag","embeddable":true,"href":"https:\/\/nvnoticias.mx\/index.php\/wp-json\/wp\/v2\/tags?post=127730"}],"curies":[{"name":"wp","href":"https:\/\/api.w.org\/{rel}","templated":true}]}}